{"id":1498,"date":"2024-01-28T15:45:03","date_gmt":"2024-01-28T14:45:03","guid":{"rendered":"https:\/\/pecsibelyegkor.hu\/?p=1498"},"modified":"2024-01-30T15:54:14","modified_gmt":"2024-01-30T14:54:14","slug":"meghivo-2023-evi-zarszamado-taggyules","status":"publish","type":"post","link":"http:\/\/pecsibelyegkor.hu\/en\/meghivo-2023-evi-zarszamado-taggyules\/","title":{"rendered":"MEGH\u00cdV\u00d3 a 2023. \u00e9vi z\u00e1rsz\u00e1mad\u00f3 taggy\u0171l\u00e9sre"},"content":{"rendered":"<div data-elementor-type=\"wp-post\" data-elementor-id=\"1498\" class=\"elementor elementor-1498\">\n\t\t\t\t<div class=\"elementor-element elementor-element-0633601 e-flex e-con-boxed e-con e-parent\" data-id=\"0633601\" data-element_type=\"container\" data-e-type=\"container\">\n\t\t\t\t\t<div class=\"e-con-inner\">\n\t\t\t\t<div class=\"elementor-element elementor-element-0453738 elementor-widget elementor-widget-text-editor\" data-id=\"0453738\" data-element_type=\"widget\" data-e-type=\"widget\" data-widget_type=\"text-editor.default\">\n\t\t\t\t<div class=\"elementor-widget-container\">\n\t\t\t\t\t\t\t\t\t<p>Tisztelt Gy\u0171jt\u0151t\u00e1rsak!<\/p><p>A MAB\u00c9OSZ Dr. Danis L\u00e1szl\u00f3 B\u00e9lyeggy\u0171jt\u0151 K\u00f6r\u00e9nek <strong>2023. \u00e9vi z\u00e1rsz\u00e1mad\u00f3 Taggy\u0171l\u00e9s\u00e9t <\/strong>az al\u00e1bbi id\u0151pontra \u00e9s helyre \u00f6sszeh\u00edvom:<\/p><p><strong><u>Id\u0151pont<\/u><\/strong>: 2024. febru\u00e1r 11. (vas\u00e1rnap) de. 9:00 \u00f3ra, hat\u00e1rozatk\u00e9ptelens\u00e9g eset\u00e9n 09:30 \u00f3ra.<br \/>(<em>A megism\u00e9telt Taggy\u0171l\u00e9s l\u00e9tsz\u00e1mt\u00f3l f\u00fcggetlen\u00fcl a meghirdetett napirendi pontokban hat\u00e1rozatk\u00e9pes!<\/em>)<\/p><p><strong><u>Helysz\u00edn<\/u><\/strong>: 7623 P\u00e9cs, Szab\u00f3 J\u00f3zsef u. 4., I. em.<br \/>(a P\u00e9csi Sz\u00e9kesegyh\u00e1z Nagycsal\u00e1dos Egyes\u00fclet\u00e9nek sz\u00e9kh\u00e1za).<\/p><p><strong><u>N a p i r e n d<\/u><\/strong><\/p><ol><li>Jegyz\u0151k\u00f6nyvvezet\u0151, jegyz\u0151k\u00f6nyv hiteles\u00edt\u0151k valamint a levezet\u0151 eln\u00f6k megv\u00e1laszt\u00e1sa.<\/li><li>Besz\u00e1mol\u00f3 a Dr. Danis L\u00e1szl\u00f3 B\u00e9lyeggy\u0171jt\u0151 K\u00f6r 2023. \u00e9vi munk\u00e1j\u00e1r\u00f3l (filatelista \u00e9s gazdas\u00e1gi).<\/li><li>2024. \u00e9vi k\u00f6lts\u00e9gvet\u00e9si tervezet.<\/li><li>Javaslatok a 2024. \u00e9vi programra.<\/li><li>Egyebek.<\/li><\/ol><p>P\u00e9cs, 2024. janu\u00e1r 28.<\/p><p><strong style=\"font-size: 1rem;\">Mr. dr. Mih\u00e1ly Bodor<br \/><\/strong>a Dr. Danis L\u00e1szl\u00f3 B\u00e9lyeggy\u0171jt\u0151 K\u00f6r eln\u00f6ke<\/p>\t\t\t\t\t\t\t\t<\/div>\n\t\t\t\t<\/div>\n\t\t\t\t\t<\/div>\n\t\t\t\t<\/div>\n\t\t\t\t<\/div>","protected":false},"excerpt":{"rendered":"<p>Tisztelt Gy\u0171jt\u0151t\u00e1rsak! A MAB\u00c9OSZ Dr. Danis L\u00e1szl\u00f3 B\u00e9lyeggy\u0171jt\u0151 K\u00f6r\u00e9nek 2023. \u00e9vi z\u00e1rsz\u00e1mad\u00f3 Taggy\u0171l\u00e9s\u00e9t az al\u00e1bbi id\u0151pontra \u00e9s helyre \u00f6sszeh\u00edvom: Id\u0151pont: 2024. febru\u00e1r 11. (vas\u00e1rnap) de. 9:00 \u00f3ra, hat\u00e1rozatk\u00e9ptelens\u00e9g eset\u00e9n 09:30 \u00f3ra.(A megism\u00e9telt Taggy\u0171l\u00e9s l\u00e9tsz\u00e1mt\u00f3l f\u00fcggetlen\u00fcl a meghirdetett napirendi pontokban hat\u00e1rozatk\u00e9pes!) Helysz\u00edn: 7623 P\u00e9cs, Szab\u00f3 J\u00f3zsef u. 4., I. em.(a P\u00e9csi Sz\u00e9kesegyh\u00e1z Nagycsal\u00e1dos Egyes\u00fclet\u00e9nek sz\u00e9kh\u00e1za). N &hellip; <\/p>\n<p class=\"link-more\"><a href=\"http:\/\/pecsibelyegkor.hu\/en\/meghivo-2023-evi-zarszamado-taggyules\/\" class=\"more-link\">Continue reading<span class=\"screen-reader-text\"> &#8222;MEGH\u00cdV\u00d3 a 2023. \u00e9vi z\u00e1rsz\u00e1mad\u00f3 taggy\u0171l\u00e9sre&#8221;<\/span><\/a><\/p>","protected":false},"author":2,"featured_media":0,"comment_status":"closed","ping_status":"closed","sticky":false,"template":"","format":"standard","meta":{"_seopress_robots_primary_cat":"none","_seopress_titles_title":"","_seopress_titles_desc":"","_seopress_robots_index":"","footnotes":""},"categories":[6,9,10,1],"tags":[],"class_list":["post-1498","post","type-post","status-publish","format-standard","hentry","category-esemeny","category-mabeosz","category-meghivo","category-uncategorized"],"_links":{"self":[{"href":"http:\/\/pecsibelyegkor.hu\/en\/wp-json\/wp\/v2\/posts\/1498","targetHints":{"allow":["GET"]}}],"collection":[{"href":"http:\/\/pecsibelyegkor.hu\/en\/wp-json\/wp\/v2\/posts"}],"about":[{"href":"http:\/\/pecsibelyegkor.hu\/en\/wp-json\/wp\/v2\/types\/post"}],"author":[{"embeddable":true,"href":"http:\/\/pecsibelyegkor.hu\/en\/wp-json\/wp\/v2\/users\/2"}],"replies":[{"embeddable":true,"href":"http:\/\/pecsibelyegkor.hu\/en\/wp-json\/wp\/v2\/comments?post=1498"}],"version-history":[{"count":5,"href":"http:\/\/pecsibelyegkor.hu\/en\/wp-json\/wp\/v2\/posts\/1498\/revisions"}],"predecessor-version":[{"id":1505,"href":"http:\/\/pecsibelyegkor.hu\/en\/wp-json\/wp\/v2\/posts\/1498\/revisions\/1505"}],"wp:attachment":[{"href":"http:\/\/pecsibelyegkor.hu\/en\/wp-json\/wp\/v2\/media?parent=1498"}],"wp:term":[{"taxonomy":"category","embeddable":true,"href":"http:\/\/pecsibelyegkor.hu\/en\/wp-json\/wp\/v2\/categories?post=1498"},{"taxonomy":"post_tag","embeddable":true,"href":"http:\/\/pecsibelyegkor.hu\/en\/wp-json\/wp\/v2\/tags?post=1498"}],"curies":[{"name":"wp","href":"https:\/\/api.w.org\/{rel}","templated":true}]}}