{"id":1079,"date":"2023-03-26T09:02:57","date_gmt":"2023-03-26T07:02:57","guid":{"rendered":"https:\/\/pecsibelyegkor.hu\/?p=1079"},"modified":"2023-03-26T09:07:33","modified_gmt":"2023-03-26T07:07:33","slug":"kozlemeny-3-kori-arveres-tetelbeadas","status":"publish","type":"post","link":"https:\/\/pecsibelyegkor.hu\/en\/kozlemeny-3-kori-arveres-tetelbeadas\/","title":{"rendered":"K\u00f6zlem\u00e9ny \u2013 3. K\u00f6ri \u00e1rver\u00e9s (T\u00e9telbead\u00e1s)"},"content":{"rendered":"<div data-elementor-type=\"wp-post\" data-elementor-id=\"1079\" class=\"elementor elementor-1079\">\n\t\t\t\t\t\t<section class=\"elementor-section elementor-top-section elementor-element elementor-element-2e9cf664 elementor-section-boxed elementor-section-height-default elementor-section-height-default\" data-id=\"2e9cf664\" data-element_type=\"section\" data-e-type=\"section\">\n\t\t\t\t\t\t<div class=\"elementor-container elementor-column-gap-default\">\n\t\t\t\t\t<div class=\"elementor-column elementor-col-100 elementor-top-column elementor-element elementor-element-48857076\" data-id=\"48857076\" data-element_type=\"column\" data-e-type=\"column\">\n\t\t\t<div class=\"elementor-widget-wrap elementor-element-populated\">\n\t\t\t\t\t\t<div class=\"elementor-element elementor-element-830526a elementor-widget elementor-widget-text-editor\" data-id=\"830526a\" data-element_type=\"widget\" data-e-type=\"widget\" data-widget_type=\"text-editor.default\">\n\t\t\t\t<div class=\"elementor-widget-container\">\n\t\t\t\t\t\t\t\t\t\n<p>Tisztelt Gy\u0171jt\u0151t\u00e1rsak!<br \/>Tisztelt \u00c9rdekl\u0151d\u0151k!<\/p>\n\n<p>Ez\u00faton \u00e9rtes\u00edtj\u00fck \u00d6n\u00f6ket, hogy a Dr. Danis L\u00e1szl\u00f3 B\u00e9lyeggy\u0171jt\u0151 K\u00f6r <span style=\"color: #ff0000;\"><strong>2023. m\u00e1jus 14-\u00e9n<\/strong><\/span> (vas\u00e1rnap) <strong><span style=\"color: #ff0000;\">09:00<\/span><\/strong>-as kezdettel \u00e1rver\u00e9st tart. K\u00e9rj\u00fck, hogy az \u00e1rver\u00e9sre beadand\u00f3 t\u00e9tel(ek) jegyz\u00e9k\u00e9t 2023. \u00e1prilis 16-ig szem\u00e9lyesen vagy e-mailban, ill. az \u00e1rver\u00e9si anyagokat legk\u00e9s\u0151bb 2023. \u00e1prilis 30-ig juttass\u00e1k el <strong>Mr. Zolt\u00e1n Szab\u00f3<\/strong> r\u00e9sz\u00e9re. (+36 20 312 8222, <strong><span style=\"color: #0000ff;\">info<\/span> <\/strong>@ <span style=\"color: #0000ff;\"><strong>pecsibelyegkor.hu<\/strong><\/span>)<\/p>\n\n<p><strong><span style=\"color: #339966;\">Vev\u0151i jutal\u00e9k: 0 % (nincs!)<\/span><\/strong><\/p>\n\n<p>a Dr. Danis L\u00e1szl\u00f3 B\u00e9lyeggy\u0171jt\u0151 K\u00f6r vezet\u0151s\u00e9ge<\/p>\n\t\t\t\t\t\t\t\t<\/div>\n\t\t\t\t<\/div>\n\t\t\t\t\t<\/div>\n\t\t<\/div>\n\t\t\t\t\t<\/div>\n\t\t<\/section>\n\t\t\t\t<\/div>","protected":false},"excerpt":{"rendered":"<p>Tisztelt Gy\u0171jt\u0151t\u00e1rsak!Tisztelt \u00c9rdekl\u0151d\u0151k! Ez\u00faton \u00e9rtes\u00edtj\u00fck \u00d6n\u00f6ket, hogy a Dr. Danis L\u00e1szl\u00f3 B\u00e9lyeggy\u0171jt\u0151 K\u00f6r 2023. m\u00e1jus 14-\u00e9n (vas\u00e1rnap) 09:00-as kezdettel \u00e1rver\u00e9st tart. K\u00e9rj\u00fck, hogy az \u00e1rver\u00e9sre beadand\u00f3 t\u00e9tel(ek) jegyz\u00e9k\u00e9t 2023. \u00e1prilis 16-ig szem\u00e9lyesen vagy e-mailban, ill. az \u00e1rver\u00e9si anyagokat legk\u00e9s\u0151bb 2023. \u00e1prilis 30-ig juttass\u00e1k el Szab\u00f3 Zolt\u00e1n r\u00e9sz\u00e9re. (+36 20 312 8222, info @ pecsibelyegkor.hu) Vev\u0151i &hellip; <\/p>\n<p class=\"link-more\"><a href=\"https:\/\/pecsibelyegkor.hu\/en\/kozlemeny-3-kori-arveres-tetelbeadas\/\" class=\"more-link\">Continue reading<span class=\"screen-reader-text\"> &#8222;K\u00f6zlem\u00e9ny \u2013 3. K\u00f6ri \u00e1rver\u00e9s (T\u00e9telbead\u00e1s)&#8221;<\/span><\/a><\/p>","protected":false},"author":2,"featured_media":0,"comment_status":"closed","ping_status":"closed","sticky":false,"template":"","format":"standard","meta":{"_seopress_robots_primary_cat":"none","_seopress_titles_title":"K\u00f6zlem\u00e9ny \u2013 3. K\u00f6ri \u00e1rver\u00e9s (T\u00e9telbead\u00e1s)","_seopress_titles_desc":"","_seopress_robots_index":"","footnotes":""},"categories":[12,6,7],"tags":[],"class_list":["post-1079","post","type-post","status-publish","format-standard","hentry","category-arveres","category-esemeny","category-felhivas"],"_links":{"self":[{"href":"https:\/\/pecsibelyegkor.hu\/en\/wp-json\/wp\/v2\/posts\/1079","targetHints":{"allow":["GET"]}}],"collection":[{"href":"https:\/\/pecsibelyegkor.hu\/en\/wp-json\/wp\/v2\/posts"}],"about":[{"href":"https:\/\/pecsibelyegkor.hu\/en\/wp-json\/wp\/v2\/types\/post"}],"author":[{"embeddable":true,"href":"https:\/\/pecsibelyegkor.hu\/en\/wp-json\/wp\/v2\/users\/2"}],"replies":[{"embeddable":true,"href":"https:\/\/pecsibelyegkor.hu\/en\/wp-json\/wp\/v2\/comments?post=1079"}],"version-history":[{"count":13,"href":"https:\/\/pecsibelyegkor.hu\/en\/wp-json\/wp\/v2\/posts\/1079\/revisions"}],"predecessor-version":[{"id":1094,"href":"https:\/\/pecsibelyegkor.hu\/en\/wp-json\/wp\/v2\/posts\/1079\/revisions\/1094"}],"wp:attachment":[{"href":"https:\/\/pecsibelyegkor.hu\/en\/wp-json\/wp\/v2\/media?parent=1079"}],"wp:term":[{"taxonomy":"category","embeddable":true,"href":"https:\/\/pecsibelyegkor.hu\/en\/wp-json\/wp\/v2\/categories?post=1079"},{"taxonomy":"post_tag","embeddable":true,"href":"https:\/\/pecsibelyegkor.hu\/en\/wp-json\/wp\/v2\/tags?post=1079"}],"curies":[{"name":"wp","href":"https:\/\/api.w.org\/{rel}","templated":true}]}}