{"id":1166,"date":"2023-09-04T10:55:08","date_gmt":"2023-09-04T08:55:08","guid":{"rendered":"https:\/\/pecsibelyegkor.hu\/?p=1166"},"modified":"2023-09-04T10:55:10","modified_gmt":"2023-09-04T08:55:10","slug":"kozlemeny-4-kori-arveres-tetelbeadas","status":"publish","type":"post","link":"https:\/\/pecsibelyegkor.hu\/en\/kozlemeny-4-kori-arveres-tetelbeadas\/","title":{"rendered":"K\u00f6zlem\u00e9ny \u2013 4. K\u00f6ri \u00e1rver\u00e9s (T\u00e9telbead\u00e1s)"},"content":{"rendered":"<div data-elementor-type=\"wp-post\" data-elementor-id=\"1166\" class=\"elementor elementor-1166\">\n\t\t\t\t<div class=\"elementor-element elementor-element-b0a2cd5 e-flex e-con-boxed e-con e-parent\" data-id=\"b0a2cd5\" data-element_type=\"container\" data-e-type=\"container\">\n\t\t\t\t\t<div class=\"e-con-inner\">\n\t\t\t\t<div class=\"elementor-element elementor-element-758b946 elementor-widget elementor-widget-text-editor\" data-id=\"758b946\" data-element_type=\"widget\" data-e-type=\"widget\" data-widget_type=\"text-editor.default\">\n\t\t\t\t<div class=\"elementor-widget-container\">\n\t\t\t\t\t\t\t\t\t<p>Tisztelt Gy\u0171jt\u0151t\u00e1rsak!<br \/>Tisztelt \u00c9rdekl\u0151d\u0151k!<\/p><p>Ez\u00faton \u00e9rtes\u00edtj\u00fck \u00d6n\u00f6ket, hogy a Dr. Danis L\u00e1szl\u00f3 B\u00e9lyeggy\u0171jt\u0151 K\u00f6r\u00a0<span style=\"color: #ff0000;\"><strong>2023. okt\u00f3ber 15-\u00e9n<\/strong><\/span>\u00a0(vas\u00e1rnap)\u00a0<span style=\"color: #ff0000;\"><strong>09:00<\/strong><\/span>-\u00e1s kezdettel \u00e1rver\u00e9st tart. K\u00e9rj\u00fck, hogy az \u00e1rver\u00e9sre beadand\u00f3 t\u00e9tel(ek) jegyz\u00e9k\u00e9t 2023. szeptember 25-ig szem\u00e9lyesen vagy e-mailban, ill. az \u00e1rver\u00e9si anyagokat legk\u00e9s\u0151bb 2023. okt\u00f3ber 09-ig juttass\u00e1k el <strong>Mr. Zolt\u00e1n Szab\u00f3<\/strong>\u00a0r\u00e9sz\u00e9re. (+36 20 312 8222,\u00a0<span style=\"color: #0000ff;\"><strong>info<\/strong><strong>\u00a0<\/strong><\/span>@\u00a0<span style=\"color: #0000ff;\"><strong>pecsibelyegkor.hu<\/strong><\/span>)<\/p><p><span style=\"color: #008000;\"><strong>Vev\u0151i jutal\u00e9k: 0 % (nincs!)<\/strong><\/span><\/p><p>a Dr. Danis L\u00e1szl\u00f3 B\u00e9lyeggy\u0171jt\u0151 K\u00f6r vezet\u0151s\u00e9ge<\/p>\t\t\t\t\t\t\t\t<\/div>\n\t\t\t\t<\/div>\n\t\t\t\t\t<\/div>\n\t\t\t\t<\/div>\n\t\t\t\t<\/div>","protected":false},"excerpt":{"rendered":"<p>Tisztelt Gy\u0171jt\u0151t\u00e1rsak! Tisztelt \u00c9rdekl\u0151d\u0151k! Ez\u00faton \u00e9rtes\u00edtj\u00fck \u00d6n\u00f6ket, hogy a Dr. Danis L\u00e1szl\u00f3 B\u00e9lyeggy\u0171jt\u0151 K\u00f6r\u00a02023. okt\u00f3ber 15-\u00e9n\u00a0(vas\u00e1rnap)\u00a009:00-\u00e1s kezdettel \u00e1rver\u00e9st tart. K\u00e9rj\u00fck, hogy az \u00e1rver\u00e9sre beadand\u00f3 t\u00e9tel(ek) jegyz\u00e9k\u00e9t 2023. szeptember 25-ig szem\u00e9lyesen vagy e-mailban, ill. az \u00e1rver\u00e9si anyagokat legk\u00e9s\u0151bb 2023. okt\u00f3ber 09-ig juttass\u00e1k el Szab\u00f3 Zolt\u00e1n\u00a0r\u00e9sz\u00e9re. (+36 20 312 8222,\u00a0info\u00a0@\u00a0pecsibelyegkor.hu) Vev\u0151i jutal\u00e9k: 0 % (nincs!) a Dr. &hellip; <\/p>\n<p class=\"link-more\"><a href=\"https:\/\/pecsibelyegkor.hu\/en\/kozlemeny-4-kori-arveres-tetelbeadas\/\" class=\"more-link\">Continue reading<span class=\"screen-reader-text\"> &#8222;K\u00f6zlem\u00e9ny \u2013 4. K\u00f6ri \u00e1rver\u00e9s (T\u00e9telbead\u00e1s)&#8221;<\/span><\/a><\/p>","protected":false},"author":2,"featured_media":0,"comment_status":"closed","ping_status":"closed","sticky":false,"template":"","format":"standard","meta":{"_seopress_robots_primary_cat":"none","_seopress_titles_title":"K\u00f6zlem\u00e9ny \u2013 4. K\u00f6ri \u00e1rver\u00e9s (T\u00e9telbead\u00e1s)","_seopress_titles_desc":"","_seopress_robots_index":"","footnotes":""},"categories":[12,6,7],"tags":[],"class_list":["post-1166","post","type-post","status-publish","format-standard","hentry","category-arveres","category-esemeny","category-felhivas"],"_links":{"self":[{"href":"https:\/\/pecsibelyegkor.hu\/en\/wp-json\/wp\/v2\/posts\/1166","targetHints":{"allow":["GET"]}}],"collection":[{"href":"https:\/\/pecsibelyegkor.hu\/en\/wp-json\/wp\/v2\/posts"}],"about":[{"href":"https:\/\/pecsibelyegkor.hu\/en\/wp-json\/wp\/v2\/types\/post"}],"author":[{"embeddable":true,"href":"https:\/\/pecsibelyegkor.hu\/en\/wp-json\/wp\/v2\/users\/2"}],"replies":[{"embeddable":true,"href":"https:\/\/pecsibelyegkor.hu\/en\/wp-json\/wp\/v2\/comments?post=1166"}],"version-history":[{"count":6,"href":"https:\/\/pecsibelyegkor.hu\/en\/wp-json\/wp\/v2\/posts\/1166\/revisions"}],"predecessor-version":[{"id":1174,"href":"https:\/\/pecsibelyegkor.hu\/en\/wp-json\/wp\/v2\/posts\/1166\/revisions\/1174"}],"wp:attachment":[{"href":"https:\/\/pecsibelyegkor.hu\/en\/wp-json\/wp\/v2\/media?parent=1166"}],"wp:term":[{"taxonomy":"category","embeddable":true,"href":"https:\/\/pecsibelyegkor.hu\/en\/wp-json\/wp\/v2\/categories?post=1166"},{"taxonomy":"post_tag","embeddable":true,"href":"https:\/\/pecsibelyegkor.hu\/en\/wp-json\/wp\/v2\/tags?post=1166"}],"curies":[{"name":"wp","href":"https:\/\/api.w.org\/{rel}","templated":true}]}}