{"id":1176,"date":"2023-09-13T12:40:04","date_gmt":"2023-09-13T10:40:04","guid":{"rendered":"https:\/\/pecsibelyegkor.hu\/?p=1176"},"modified":"2023-09-13T12:44:01","modified_gmt":"2023-09-13T10:44:01","slug":"kiado-termet-keresunk-2","status":"publish","type":"post","link":"https:\/\/pecsibelyegkor.hu\/en\/kiado-termet-keresunk-2\/","title":{"rendered":"Kiad\u00f3 termet keres\u00fcnk"},"content":{"rendered":"<div data-elementor-type=\"wp-post\" data-elementor-id=\"1176\" class=\"elementor elementor-1176\">\n\t\t\t\t<div class=\"elementor-element elementor-element-0786536 e-flex e-con-boxed e-con e-parent\" data-id=\"0786536\" data-element_type=\"container\" data-e-type=\"container\">\n\t\t\t\t\t<div class=\"e-con-inner\">\n\t\t\t\t<div class=\"elementor-element elementor-element-8410883 elementor-widget elementor-widget-text-editor\" data-id=\"8410883\" data-element_type=\"widget\" data-e-type=\"widget\" data-widget_type=\"text-editor.default\">\n\t\t\t\t<div class=\"elementor-widget-container\">\n\t\t\t\t\t\t\t\t\t<p>Dear Collectors,<br \/>Tisztelt p\u00e9csi Polg\u00e1rok!<\/p><p>Mivel az \u00f6sszej\u00f6veteleinknek otthont ad\u00f3 P\u00e9cs, Lask\u00f3 u. 12. sz\u00e1m alatti ingatlan a k\u00f6zelj\u00f6v\u0151ben v\u00e1rhat\u00f3an \u00e9rt\u00e9kes\u00edt\u00e9sre ker\u00fcl majd, ez\u00e9rt b\u00e9lyeggy\u0171jt\u0151 K\u00f6r\u00fcnk <strong>kiad\u00f3 termet keres P\u00e9csett<\/strong>\u00a0az al\u00e1bbi param\u00e9terekkel:<\/p><ul><li>alapter\u00fclet min. 40 nm,<\/li><li>legal\u00e1bb 8 asztal \u00e9s 32 sz\u00e9k sz\u00fcks\u00e9ges (amit a b\u00e9rbead\u00f3nak kellene biztos\u00edtani),<\/li><li>a termet f\u0151leg az \u00f6sszej\u00f6vetelek (vas\u00e1rnaponk\u00e9nt d\u00e9lel\u0151tt 08.00 \u2013 11.00) idej\u00e9n haszn\u00e1ln\u00e1nk,<\/li><li>prefer\u00e1lt a belv\u00e1rosi \u2013 belv\u00e1ros k\u00f6zeli elhelyezked\u00e9s, tov\u00e1bb\u00e1 hogy 2 db p\u00e1nc\u00e9lszekr\u00e9nyt (\u00f6sszesen max. 2 m sz\u00e9les) is el tudjunk helyezni.<\/li><\/ul><p>Az\u00a0<strong>aj\u00e1nlatokat\u00a0<\/strong>k\u00e9rj\u00fck eljuttatni\u00a0<span style=\"color: #0000ff;\"><strong>Mr. Dr. Mih\u00e1ly Bodor<\/strong><\/span> k\u00f6ri eln\u00f6k \u00far r\u00e9sz\u00e9re! (tel.: <span style=\"color: #0000ff;\">30\/224-6682<\/span>, e-mail: <span style=\"color: #0000ff;\">miisike55<\/span> \u00a0<strong>(a)<\/strong>\u00a0 <span style=\"color: #0000ff;\">gmail.com <\/span>)<\/p><p>K\u00f6sz\u00f6nettel,<\/p><p>a Dr. Danis L\u00e1szl\u00f3 B\u00e9lyeggy\u0171jt\u0151 K\u00f6r vezet\u0151s\u00e9ge<\/p>\t\t\t\t\t\t\t\t<\/div>\n\t\t\t\t<\/div>\n\t\t\t\t\t<\/div>\n\t\t\t\t<\/div>\n\t\t\t\t<\/div>","protected":false},"excerpt":{"rendered":"<p>Kedves Gy\u0171jt\u0151t\u00e1rsak!Tisztelt p\u00e9csi Polg\u00e1rok! Mivel az \u00f6sszej\u00f6veteleinknek otthont ad\u00f3 P\u00e9cs, Lask\u00f3 u. 12. sz\u00e1m alatti ingatlan a k\u00f6zelj\u00f6v\u0151ben v\u00e1rhat\u00f3an \u00e9rt\u00e9kes\u00edt\u00e9sre ker\u00fcl majd, ez\u00e9rt b\u00e9lyeggy\u0171jt\u0151 K\u00f6r\u00fcnk kiad\u00f3 termet keres P\u00e9csett\u00a0az al\u00e1bbi param\u00e9terekkel: alapter\u00fclet min. 40 nm, legal\u00e1bb 8 asztal \u00e9s 32 sz\u00e9k sz\u00fcks\u00e9ges (amit a b\u00e9rbead\u00f3nak kellene biztos\u00edtani), a termet f\u0151leg az \u00f6sszej\u00f6vetelek (vas\u00e1rnaponk\u00e9nt d\u00e9lel\u0151tt 08.00 &hellip; <\/p>\n<p class=\"link-more\"><a href=\"https:\/\/pecsibelyegkor.hu\/en\/kiado-termet-keresunk-2\/\" class=\"more-link\">Continue reading<span class=\"screen-reader-text\"> &#8222;Kiad\u00f3 termet keres\u00fcnk&#8221;<\/span><\/a><\/p>","protected":false},"author":2,"featured_media":0,"comment_status":"closed","ping_status":"closed","sticky":false,"template":"","format":"standard","meta":{"_seopress_robots_primary_cat":"none","_seopress_titles_title":"Kiad\u00f3 termet keres\u00fcnk","_seopress_titles_desc":"","_seopress_robots_index":"","footnotes":""},"categories":[7],"tags":[],"class_list":["post-1176","post","type-post","status-publish","format-standard","hentry","category-felhivas"],"_links":{"self":[{"href":"https:\/\/pecsibelyegkor.hu\/en\/wp-json\/wp\/v2\/posts\/1176","targetHints":{"allow":["GET"]}}],"collection":[{"href":"https:\/\/pecsibelyegkor.hu\/en\/wp-json\/wp\/v2\/posts"}],"about":[{"href":"https:\/\/pecsibelyegkor.hu\/en\/wp-json\/wp\/v2\/types\/post"}],"author":[{"embeddable":true,"href":"https:\/\/pecsibelyegkor.hu\/en\/wp-json\/wp\/v2\/users\/2"}],"replies":[{"embeddable":true,"href":"https:\/\/pecsibelyegkor.hu\/en\/wp-json\/wp\/v2\/comments?post=1176"}],"version-history":[{"count":4,"href":"https:\/\/pecsibelyegkor.hu\/en\/wp-json\/wp\/v2\/posts\/1176\/revisions"}],"predecessor-version":[{"id":1182,"href":"https:\/\/pecsibelyegkor.hu\/en\/wp-json\/wp\/v2\/posts\/1176\/revisions\/1182"}],"wp:attachment":[{"href":"https:\/\/pecsibelyegkor.hu\/en\/wp-json\/wp\/v2\/media?parent=1176"}],"wp:term":[{"taxonomy":"category","embeddable":true,"href":"https:\/\/pecsibelyegkor.hu\/en\/wp-json\/wp\/v2\/categories?post=1176"},{"taxonomy":"post_tag","embeddable":true,"href":"https:\/\/pecsibelyegkor.hu\/en\/wp-json\/wp\/v2\/tags?post=1176"}],"curies":[{"name":"wp","href":"https:\/\/api.w.org\/{rel}","templated":true}]}}