{"id":1184,"date":"2023-10-01T13:42:54","date_gmt":"2023-10-01T11:42:54","guid":{"rendered":"https:\/\/pecsibelyegkor.hu\/?p=1184"},"modified":"2024-01-13T15:51:28","modified_gmt":"2024-01-13T14:51:28","slug":"2023-10-08","status":"publish","type":"post","link":"https:\/\/pecsibelyegkor.hu\/en\/2023-10-08\/","title":{"rendered":"2023.10.08-\u00e1n nem lesz \u00f6sszej\u00f6vetel"},"content":{"rendered":"<div data-elementor-type=\"wp-post\" data-elementor-id=\"1184\" class=\"elementor elementor-1184\">\n\t\t\t\t<div class=\"elementor-element elementor-element-5271f8a e-flex e-con-boxed e-con e-parent\" data-id=\"5271f8a\" data-element_type=\"container\" data-e-type=\"container\">\n\t\t\t\t\t<div class=\"e-con-inner\">\n\t\t\t\t<div class=\"elementor-element elementor-element-4b7d474 elementor-widget elementor-widget-text-editor\" data-id=\"4b7d474\" data-element_type=\"widget\" data-e-type=\"widget\" data-widget_type=\"text-editor.default\">\n\t\t\t\t<div class=\"elementor-widget-container\">\n\t\t\t\t\t\t\t\t\t<p>Tisztelt Gy\u0171jt\u0151t\u00e1rsak!<\/p><p>Ez\u00faton \u00e9rtes\u00edtj\u00fck \u00d6n\u00f6ket, hogy technikai okok miatt <span style=\"color: #ff0000;\"><strong>2023. okt\u00f3ber 08-\u00e1n nem lesz k\u00f6ri \u00f6sszej\u00f6vetel<\/strong><\/span>!<\/p><p>Sz\u00edves meg\u00e9rt\u00e9s\u00fcket ez\u00faton is k\u00f6sz\u00f6nj\u00fck!<\/p><p>\u00dcdv\u00f6zlettel,<\/p><p>a Dr. Danis L\u00e1szl\u00f3 B\u00e9lyeggy\u0171jt\u0151 K\u00f6r vezet\u0151s\u00e9ge<\/p>\t\t\t\t\t\t\t\t<\/div>\n\t\t\t\t<\/div>\n\t\t\t\t\t<\/div>\n\t\t\t\t<\/div>\n\t\t\t\t<\/div>","protected":false},"excerpt":{"rendered":"<p>Tisztelt Gy\u0171jt\u0151t\u00e1rsak! Ez\u00faton \u00e9rtes\u00edtj\u00fck \u00d6n\u00f6ket, hogy technikai okok miatt 2023. okt\u00f3ber 08-\u00e1n nem lesz k\u00f6ri \u00f6sszej\u00f6vetel! Sz\u00edves meg\u00e9rt\u00e9s\u00fcket ez\u00faton is k\u00f6sz\u00f6nj\u00fck! \u00dcdv\u00f6zlettel, a Dr. Danis L\u00e1szl\u00f3 B\u00e9lyeggy\u0171jt\u0151 K\u00f6r vezet\u0151s\u00e9ge<\/p>","protected":false},"author":2,"featured_media":0,"comment_status":"closed","ping_status":"closed","sticky":false,"template":"","format":"standard","meta":{"_seopress_robots_primary_cat":"none","_seopress_titles_title":"2023.10.08-\u00e1n nem lesz \u00f6sszej\u00f6vetel","_seopress_titles_desc":"","_seopress_robots_index":"","footnotes":""},"categories":[7],"tags":[],"class_list":["post-1184","post","type-post","status-publish","format-standard","hentry","category-felhivas"],"_links":{"self":[{"href":"https:\/\/pecsibelyegkor.hu\/en\/wp-json\/wp\/v2\/posts\/1184","targetHints":{"allow":["GET"]}}],"collection":[{"href":"https:\/\/pecsibelyegkor.hu\/en\/wp-json\/wp\/v2\/posts"}],"about":[{"href":"https:\/\/pecsibelyegkor.hu\/en\/wp-json\/wp\/v2\/types\/post"}],"author":[{"embeddable":true,"href":"https:\/\/pecsibelyegkor.hu\/en\/wp-json\/wp\/v2\/users\/2"}],"replies":[{"embeddable":true,"href":"https:\/\/pecsibelyegkor.hu\/en\/wp-json\/wp\/v2\/comments?post=1184"}],"version-history":[{"count":8,"href":"https:\/\/pecsibelyegkor.hu\/en\/wp-json\/wp\/v2\/posts\/1184\/revisions"}],"predecessor-version":[{"id":1496,"href":"https:\/\/pecsibelyegkor.hu\/en\/wp-json\/wp\/v2\/posts\/1184\/revisions\/1496"}],"wp:attachment":[{"href":"https:\/\/pecsibelyegkor.hu\/en\/wp-json\/wp\/v2\/media?parent=1184"}],"wp:term":[{"taxonomy":"category","embeddable":true,"href":"https:\/\/pecsibelyegkor.hu\/en\/wp-json\/wp\/v2\/categories?post=1184"},{"taxonomy":"post_tag","embeddable":true,"href":"https:\/\/pecsibelyegkor.hu\/en\/wp-json\/wp\/v2\/tags?post=1184"}],"curies":[{"name":"wp","href":"https:\/\/api.w.org\/{rel}","templated":true}]}}