{"id":1192,"date":"2023-09-26T18:38:00","date_gmt":"2023-09-26T16:38:00","guid":{"rendered":"https:\/\/pecsibelyegkor.hu\/?p=1192"},"modified":"2023-10-02T19:46:10","modified_gmt":"2023-10-02T17:46:10","slug":"korunk-2-tagja-is-csatlakozott-az-mbsz-hez","status":"publish","type":"post","link":"https:\/\/pecsibelyegkor.hu\/en\/korunk-2-tagja-is-csatlakozott-az-mbsz-hez\/","title":{"rendered":"K\u00f6r\u00fcnk 2 tagja is csatlakozott az MBSZ-hez!"},"content":{"rendered":"<div data-elementor-type=\"wp-post\" data-elementor-id=\"1192\" class=\"elementor elementor-1192\">\n\t\t\t\t<div class=\"elementor-element elementor-element-1121f36 e-flex e-con-boxed e-con e-parent\" data-id=\"1121f36\" data-element_type=\"container\" data-e-type=\"container\">\n\t\t\t\t\t<div class=\"e-con-inner\">\n\t\t\t\t<div class=\"elementor-element elementor-element-a3939e4 elementor-widget elementor-widget-text-editor\" data-id=\"a3939e4\" data-element_type=\"widget\" data-e-type=\"widget\" data-widget_type=\"text-editor.default\">\n\t\t\t\t<div class=\"elementor-widget-container\">\n\t\t\t\t\t\t\t\t\t<p>2023. szeptember 26-\u00e1n K\u00f6r\u00fcnk k\u00e9t tagja, <strong>Dr. Gaud\u00e9nyi Tivadar<\/strong> \u00e9s <strong>Mr. Zolt\u00e1n Szab\u00f3<\/strong> is sikeres bemutat\u00f3t tartottak a MAB\u00c9OSZ sz\u00e9kh\u00e1zban \u00fcl\u00e9sez\u0151 <span style=\"color: #ff0000;\"><strong>Magyar B\u00e9lyegvizsg\u00e1l\u00f3 Szakcsoport<\/strong><\/span> (MBSZ) teljes 6 f\u0151s tags\u00e1ga el\u0151tt,&nbsp; amelyet k\u00f6vet\u0151en csatlakoztak a Szakcsoporthoz.<\/p>\n<p>Dr. Bodor Mih\u00e1ly k\u00f6ri eln\u00f6k m\u00e1r eddig is az MBSZ tagja volt, \u00edgy az MBSZ jelenlegi 8 f\u0151s tags\u00e1g\u00e1b\u00f3l m\u00e1r h\u00e1rman is a p\u00e9csi K\u00f6rh\u00f6z tartoznak!<\/p>\n<p>Az \u00faj MBSZ tagok vizsg\u00e1lati ter\u00fcletei:<\/p>\n<p><strong>Dr. Gaud\u00e9nyi Tivadar<\/strong>:<br>&#8211; Szerb posta Alb\u00e1ni\u00e1ban (1915-1916),<br>&#8211; I. Vil\u00e1gh\u00e1bor\u00fas osztr\u00e1k-magyar t\u00e1bori posta b\u00e9lyegek \u00e9s balk\u00e1ni front k\u00fcldem\u00e9nyek,<br>&#8211; N\u00e9met posta Szerbi\u00e1ban (1915-1918).<\/p>\n<p><strong>Mr. Zolt\u00e1n Szab\u00f3<\/strong>:<br>&#8211; 1871-es magyar kiad\u00e1sok (k\u0151nyomat, r\u00e9znyomat, h\u00edrlapb\u00e9lyegek, d\u00edjjegyesek, levelek, nyomtatv\u00e1nyok).<\/p>\t\t\t\t\t\t\t\t<\/div>\n\t\t\t\t<\/div>\n\t\t\t\t\t<\/div>\n\t\t\t\t<\/div>\n\t\t<div class=\"elementor-element elementor-element-d0cd789 e-flex e-con-boxed e-con e-parent\" data-id=\"d0cd789\" data-element_type=\"container\" data-e-type=\"container\">\n\t\t\t\t\t<div class=\"e-con-inner\">\n\t\t\t\t<div class=\"elementor-element elementor-element-2dd01b0 elementor-arrows-position-inside elementor-widget elementor-widget-image-carousel\" data-id=\"2dd01b0\" data-element_type=\"widget\" data-e-type=\"widget\" data-settings=\"{&quot;navigation&quot;:&quot;arrows&quot;,&quot;speed&quot;:800,&quot;autoplay&quot;:&quot;yes&quot;,&quot;pause_on_hover&quot;:&quot;yes&quot;,&quot;pause_on_interaction&quot;:&quot;yes&quot;,&quot;autoplay_speed&quot;:5000,&quot;infinite&quot;:&quot;yes&quot;}\" data-widget_type=\"image-carousel.default\">\n\t\t\t\t<div class=\"elementor-widget-container\">\n\t\t\t\t\t\t\t<div class=\"elementor-image-carousel-wrapper swiper\" role=\"region\" aria-roledescription=\"carousel\" aria-label=\"Image Carousel\" dir=\"ltr\" data-no-translation-aria-label=\"\">\n\t\t\t<div class=\"elementor-image-carousel swiper-wrapper\" aria-live=\"off\">\n\t\t\t\t\t\t\t\t<div class=\"swiper-slide\" role=\"group\" aria-roledescription=\"slide\" aria-label=\"1 of 4\" data-no-translation-aria-label=\"\"><a data-elementor-open-lightbox=\"yes\" data-elementor-lightbox-slideshow=\"2dd01b0\" data-elementor-lightbox-title=\"Dr. Gaud\u00e9nyi Tivadar bemutat\u00f3t tart (fot\u00f3: Sz\u00fccs K\u00e1roly)\" data-elementor-lightbox-description=\"Dr. L\u0151vei Gy\u00f6rgy, Nenad Rogina, Dr. Gaud\u00e9nyi Tivadar, Barab\u00e1ssy Mikl\u00f3s\" data-e-action-hash=\"#elementor-action%3Aaction%3Dlightbox%26settings%3DeyJpZCI6MTE5NiwidXJsIjoiaHR0cHM6XC9cL3BlY3NpYmVseWVna29yLmh1XC93cC1jb250ZW50XC91cGxvYWRzXC8yMDIzXC8xMFwvMjAyMy4wOS4yNi1NQlNaLURyLi1HYXVkZW55aS1UaXZhZGFyLmpwZyIsInNsaWRlc2hvdyI6IjJkZDAxYjAifQ%3D%3D\" href=\"https:\/\/pecsibelyegkor.hu\/wp-content\/uploads\/2023\/10\/2023.09.26-MBSZ-Dr.-Gaudenyi-Tivadar.jpg\"><figure class=\"swiper-slide-inner\"><img decoding=\"async\" class=\"swiper-slide-image\" src=\"https:\/\/pecsibelyegkor.hu\/wp-content\/uploads\/2023\/10\/2023.09.26-MBSZ-Dr.-Gaudenyi-Tivadar-1024x752.jpg\" alt=\"Dr. Gaud\u00e9nyi Tivadar bemutat\u00f3t tart\" \/><\/figure><\/a><\/div><div class=\"swiper-slide\" role=\"group\" aria-roledescription=\"slide\" aria-label=\"2 of 4\" data-no-translation-aria-label=\"\"><a data-elementor-open-lightbox=\"yes\" data-elementor-lightbox-slideshow=\"2dd01b0\" data-elementor-lightbox-title=\"Szab\u00f3 Zolt\u00e1n el\u0151ad\u00e1sa (fot\u00f3: Sz\u00fccs K\u00e1roly)\" data-elementor-lightbox-description=\"Nenad Rogina \u00e9s Dr. Gaud\u00e9nyi Tivadar (h\u00e1ttal), Barab\u00e1ssy Mikl\u00f3s, Dr. L\u0151vei Gy\u00f6rgy, Szab\u00f3 Zolt\u00e1n\" data-e-action-hash=\"#elementor-action%3Aaction%3Dlightbox%26settings%3DeyJpZCI6MTE5NywidXJsIjoiaHR0cHM6XC9cL3BlY3NpYmVseWVna29yLmh1XC93cC1jb250ZW50XC91cGxvYWRzXC8yMDIzXC8xMFwvMjAyMy4wOS4yNi1NQlNaLVN6YWJvLVpvbHRhbi5qcGciLCJzbGlkZXNob3ciOiIyZGQwMWIwIn0%3D\" href=\"https:\/\/pecsibelyegkor.hu\/wp-content\/uploads\/2023\/10\/2023.09.26-MBSZ-Szabo-Zoltan.jpg\"><figure class=\"swiper-slide-inner\"><img decoding=\"async\" class=\"swiper-slide-image\" src=\"https:\/\/pecsibelyegkor.hu\/wp-content\/uploads\/2023\/10\/2023.09.26-MBSZ-Szabo-Zoltan-1024x715.jpg\" alt=\"Szab\u00f3 Zolt\u00e1n el\u0151ad\u00e1sa\" \/><\/figure><\/a><\/div><div class=\"swiper-slide\" role=\"group\" aria-roledescription=\"slide\" aria-label=\"3 of 4\" data-no-translation-aria-label=\"\"><a data-elementor-open-lightbox=\"yes\" data-elementor-lightbox-slideshow=\"2dd01b0\" data-elementor-lightbox-title=\"2023.09.26 - MBSZ csoportk\u00e9p\" data-elementor-lightbox-description=\"Dr. L\u0151vei Gy\u00f6rgy (h\u00e1ttal), Nenad Rogina, Dr. Gaud\u00e9nyi Tivadar, Barab\u00e1ssy Mikl\u00f3s, Szab\u00f3 Zolt\u00e1n, Dr. Bodor Mih\u00e1ly, Leitold L\u00e1szl\u00f3, Derecskei Attila (h\u00e1ttal)\" data-e-action-hash=\"#elementor-action%3Aaction%3Dlightbox%26settings%3DeyJpZCI6MTIwOCwidXJsIjoiaHR0cHM6XC9cL3BlY3NpYmVseWVna29yLmh1XC93cC1jb250ZW50XC91cGxvYWRzXC8yMDIzXC8xMFwvMjAyMy4wOS4yNi1NQlNaLWNzb3BvcnRrZXAuanBnIiwic2xpZGVzaG93IjoiMmRkMDFiMCJ9\" href=\"https:\/\/pecsibelyegkor.hu\/wp-content\/uploads\/2023\/10\/2023.09.26-MBSZ-csoportkep.jpg\"><figure class=\"swiper-slide-inner\"><img decoding=\"async\" class=\"swiper-slide-image\" src=\"https:\/\/pecsibelyegkor.hu\/wp-content\/uploads\/2023\/10\/2023.09.26-MBSZ-csoportkep-1024x768.jpg\" alt=\"MBSZ csoportk\u00e9p (fot\u00f3: Sz\u00fccs K\u00e1roly)\" \/><\/figure><\/a><\/div><div class=\"swiper-slide\" role=\"group\" aria-roledescription=\"slide\" aria-label=\"4 of 4\" data-no-translation-aria-label=\"\"><a data-elementor-open-lightbox=\"yes\" data-elementor-lightbox-slideshow=\"2dd01b0\" data-elementor-lightbox-title=\"Nenad Rogina \u00e9s Dr. L\u0151vei Gy\u00f6rgy egyeztetnek (fot\u00f3: Sz\u00fccs K\u00e1roly)\" data-elementor-lightbox-description=\"Dr. Gaud\u00e9nyi Tivadar (h\u00e1ttal), Szab\u00f3 Zolt\u00e1n (takar\u00e1sban), Nenad Rogina, Dr. Bodor Mih\u00e1ly, Leitold L\u00e1szl\u00f3, Dr. L\u0151vei Gy\u00f6rgy, Derecskei Attila\" data-e-action-hash=\"#elementor-action%3Aaction%3Dlightbox%26settings%3DeyJpZCI6MTIwOSwidXJsIjoiaHR0cHM6XC9cL3BlY3NpYmVseWVna29yLmh1XC93cC1jb250ZW50XC91cGxvYWRzXC8yMDIzXC8xMFwvMjAyMy4wOS4yNi1Sb2dpbmEtTG92ZWkuanBnIiwic2xpZGVzaG93IjoiMmRkMDFiMCJ9\" href=\"https:\/\/pecsibelyegkor.hu\/wp-content\/uploads\/2023\/10\/2023.09.26-Rogina-Lovei.jpg\"><figure class=\"swiper-slide-inner\"><img decoding=\"async\" class=\"swiper-slide-image\" src=\"https:\/\/pecsibelyegkor.hu\/wp-content\/uploads\/2023\/10\/2023.09.26-Rogina-Lovei-1024x768.jpg\" alt=\"2023.09.26 - MBSZ (Nenad Rogina, Dr. L\u0151vei Gy\u00f6rgy)\" \/><\/figure><\/a><\/div>\t\t\t<\/div>\n\t\t\t\t\t\t\t\t\t\t\t\t<div class=\"elementor-swiper-button elementor-swiper-button-prev\" role=\"button\" tabindex=\"0\">\n\t\t\t\t\t\t<svg aria-hidden=\"true\" class=\"e-font-icon-svg e-eicon-chevron-left\" viewbox=\"0 0 1000 1000\" xmlns=\"http:\/\/www.w3.org\/2000\/svg\"><path d=\"M646 125C629 125 613 133 604 142L308 442C296 454 292 471 292 487 292 504 296 521 308 533L604 854C617 867 629 875 646 875 663 875 679 871 692 858 704 846 713 829 713 812 713 796 708 779 692 767L438 487 692 225C700 217 708 204 708 187 708 171 704 154 692 142 675 129 663 125 646 125Z\"><\/path><\/svg>\t\t\t\t\t<\/div>\n\t\t\t\t\t<div class=\"elementor-swiper-button elementor-swiper-button-next\" role=\"button\" tabindex=\"0\">\n\t\t\t\t\t\t<svg aria-hidden=\"true\" class=\"e-font-icon-svg e-eicon-chevron-right\" viewbox=\"0 0 1000 1000\" xmlns=\"http:\/\/www.w3.org\/2000\/svg\"><path d=\"M696 533C708 521 713 504 713 487 713 471 708 454 696 446L400 146C388 133 375 125 354 125 338 125 325 129 313 142 300 154 292 171 292 187 292 204 296 221 308 233L563 492 304 771C292 783 288 800 288 817 288 833 296 850 308 863 321 871 338 875 354 875 371 875 388 867 400 854L696 533Z\"><\/path><\/svg>\t\t\t\t\t<\/div>\n\t\t\t\t\n\t\t\t\t\t\t\t\t\t<\/div>\n\t\t\t\t\t\t<\/div>\n\t\t\t\t<\/div>\n\t\t\t\t\t<\/div>\n\t\t\t\t<\/div>\n\t\t\t\t<\/div>","protected":false},"excerpt":{"rendered":"<p>2023. szeptember 26-\u00e1n K\u00f6r\u00fcnk k\u00e9t tagja, Dr. Gaud\u00e9nyi Tivadar \u00e9s Szab\u00f3 Zolt\u00e1n is sikeres bemutat\u00f3t tartottak a MAB\u00c9OSZ sz\u00e9kh\u00e1zban \u00fcl\u00e9sez\u0151 Magyar B\u00e9lyegvizsg\u00e1l\u00f3 Szakcsoport (MBSZ) teljes 6 f\u0151s tags\u00e1ga el\u0151tt,&nbsp; amelyet k\u00f6vet\u0151en csatlakoztak a Szakcsoporthoz. Dr. Bodor Mih\u00e1ly k\u00f6ri eln\u00f6k m\u00e1r eddig is az MBSZ tagja volt, \u00edgy az MBSZ jelenlegi 8 f\u0151s tags\u00e1g\u00e1b\u00f3l m\u00e1r h\u00e1rman &hellip; <\/p>\n<p class=\"link-more\"><a href=\"https:\/\/pecsibelyegkor.hu\/en\/korunk-2-tagja-is-csatlakozott-az-mbsz-hez\/\" class=\"more-link\">Continue reading<span class=\"screen-reader-text\"> &#8222;K\u00f6r\u00fcnk 2 tagja is csatlakozott az MBSZ-hez!&#8221;<\/span><\/a><\/p>","protected":false},"author":2,"featured_media":0,"comment_status":"closed","ping_status":"closed","sticky":false,"template":"","format":"standard","meta":{"_seopress_robots_primary_cat":"none","_seopress_titles_title":"","_seopress_titles_desc":"","_seopress_robots_index":"","footnotes":""},"categories":[6],"tags":[],"class_list":["post-1192","post","type-post","status-publish","format-standard","hentry","category-esemeny"],"_links":{"self":[{"href":"https:\/\/pecsibelyegkor.hu\/en\/wp-json\/wp\/v2\/posts\/1192","targetHints":{"allow":["GET"]}}],"collection":[{"href":"https:\/\/pecsibelyegkor.hu\/en\/wp-json\/wp\/v2\/posts"}],"about":[{"href":"https:\/\/pecsibelyegkor.hu\/en\/wp-json\/wp\/v2\/types\/post"}],"author":[{"embeddable":true,"href":"https:\/\/pecsibelyegkor.hu\/en\/wp-json\/wp\/v2\/users\/2"}],"replies":[{"embeddable":true,"href":"https:\/\/pecsibelyegkor.hu\/en\/wp-json\/wp\/v2\/comments?post=1192"}],"version-history":[{"count":61,"href":"https:\/\/pecsibelyegkor.hu\/en\/wp-json\/wp\/v2\/posts\/1192\/revisions"}],"predecessor-version":[{"id":1262,"href":"https:\/\/pecsibelyegkor.hu\/en\/wp-json\/wp\/v2\/posts\/1192\/revisions\/1262"}],"wp:attachment":[{"href":"https:\/\/pecsibelyegkor.hu\/en\/wp-json\/wp\/v2\/media?parent=1192"}],"wp:term":[{"taxonomy":"category","embeddable":true,"href":"https:\/\/pecsibelyegkor.hu\/en\/wp-json\/wp\/v2\/categories?post=1192"},{"taxonomy":"post_tag","embeddable":true,"href":"https:\/\/pecsibelyegkor.hu\/en\/wp-json\/wp\/v2\/tags?post=1192"}],"curies":[{"name":"wp","href":"https:\/\/api.w.org\/{rel}","templated":true}]}}