{"id":1405,"date":"2023-10-16T20:18:41","date_gmt":"2023-10-16T18:18:41","guid":{"rendered":"https:\/\/pecsibelyegkor.hu\/?p=1405"},"modified":"2023-11-27T14:30:12","modified_gmt":"2023-11-27T13:30:12","slug":"meghivo-az-1871-es-kiadasok-szabo-zoltan-eloadasa","status":"publish","type":"post","link":"https:\/\/pecsibelyegkor.hu\/en\/meghivo-az-1871-es-kiadasok-szabo-zoltan-eloadasa\/","title":{"rendered":"MEGH\u00cdV\u00d3 &#8211; Az 1871-es kiad\u00e1sok (Szab\u00f3 Zolt\u00e1n el\u0151ad\u00e1sa)"},"content":{"rendered":"<div data-elementor-type=\"wp-post\" data-elementor-id=\"1405\" class=\"elementor elementor-1405\">\n\t\t\t\t<div class=\"elementor-element elementor-element-d24c492 e-flex e-con-boxed e-con e-parent\" data-id=\"d24c492\" data-element_type=\"container\" data-e-type=\"container\">\n\t\t\t\t\t<div class=\"e-con-inner\">\n\t\t\t\t<div class=\"elementor-element elementor-element-0795742 elementor-widget elementor-widget-text-editor\" data-id=\"0795742\" data-element_type=\"widget\" data-e-type=\"widget\" data-widget_type=\"text-editor.default\">\n\t\t\t\t<div class=\"elementor-widget-container\">\n\t\t\t\t\t\t\t\t\t<p>Tisztelt Gy\u0171jt\u0151t\u00e1rsak!<br \/>Tisztelt \u00c9rdekl\u0151d\u0151k!<\/p><p>A Dr. Danis L\u00e1szl\u00f3 B\u00e9lyeggy\u0171jt\u0151 K\u00f6r tisztelettel \u00e9s szeretettel megh\u00edv minden \u00e9rdekl\u0151d\u0151t <strong>Mr. Zolt\u00e1n Szab\u00f3<\/strong> (MBSZ tag) el\u0151ad\u00e1s\u00e1ra, aki az <span style=\"color: #ff0000;\"><strong>1871-es magyar kiad\u00e1sokr\u00f3l<\/strong><\/span> (t\u00f6rt\u00e9neti \u00e1ttekint\u00e9s, nyomdatechnika, \u00e9rdekess\u00e9gek, hamis\u00edt\u00e1sok felismer\u00e9se) tart vet\u00edtett bemutat\u00f3t.<\/p><p>Id\u0151pont: <strong>2023. november 19.<\/strong> (vas\u00e1rnap), <strong>09:30<\/strong><br \/>Helysz\u00edn: <strong>7622 P\u00e9cs, Lask\u00f3 u. 12.<\/strong><\/p><p><span style=\"color: #0000ff;\"><strong>A bel\u00e9p\u00e9s d\u00edjtalan!<\/strong><\/span><\/p><p>a Dr. Danis L\u00e1szl\u00f3 B\u00e9lyeggy\u0171jt\u0151 K\u00f6r Vezet\u0151s\u00e9ge<\/p>\t\t\t\t\t\t\t\t<\/div>\n\t\t\t\t<\/div>\n\t\t\t\t<div class=\"elementor-element elementor-element-c3aa6e1 elementor-widget elementor-widget-image\" data-id=\"c3aa6e1\" data-element_type=\"widget\" data-e-type=\"widget\" data-widget_type=\"image.default\">\n\t\t\t\t<div class=\"elementor-widget-container\">\n\t\t\t\t\t\t\t\t\t\t\t\t\t\t\t<img fetchpriority=\"high\" decoding=\"async\" width=\"525\" height=\"844\" src=\"https:\/\/pecsibelyegkor.hu\/wp-content\/uploads\/2023\/10\/Inventar.1871-637x1024.jpg\" class=\"attachment-large size-large wp-image-1409\" alt=\"\" srcset=\"https:\/\/pecsibelyegkor.hu\/wp-content\/uploads\/2023\/10\/Inventar.1871-637x1024.jpg 637w, https:\/\/pecsibelyegkor.hu\/wp-content\/uploads\/2023\/10\/Inventar.1871-187x300.jpg 187w, https:\/\/pecsibelyegkor.hu\/wp-content\/uploads\/2023\/10\/Inventar.1871-768x1235.jpg 768w, https:\/\/pecsibelyegkor.hu\/wp-content\/uploads\/2023\/10\/Inventar.1871-7x12.jpg 7w, https:\/\/pecsibelyegkor.hu\/wp-content\/uploads\/2023\/10\/Inventar.1871.jpg 799w\" sizes=\"(max-width: 767px) 89vw, (max-width: 1000px) 54vw, (max-width: 1071px) 543px, 580px\" \/>\t\t\t\t\t\t\t\t\t\t\t\t\t\t\t<\/div>\n\t\t\t\t<\/div>\n\t\t\t\t\t<\/div>\n\t\t\t\t<\/div>\n\t\t\t\t<\/div>","protected":false},"excerpt":{"rendered":"<p>Tisztelt Gy\u0171jt\u0151t\u00e1rsak!Tisztelt \u00c9rdekl\u0151d\u0151k! A Dr. Danis L\u00e1szl\u00f3 B\u00e9lyeggy\u0171jt\u0151 K\u00f6r tisztelettel \u00e9s szeretettel megh\u00edv minden \u00e9rdekl\u0151d\u0151t Szab\u00f3 Zolt\u00e1n (MBSZ tag) el\u0151ad\u00e1s\u00e1ra, aki az 1871-es magyar kiad\u00e1sokr\u00f3l (t\u00f6rt\u00e9neti \u00e1ttekint\u00e9s, nyomdatechnika, \u00e9rdekess\u00e9gek, hamis\u00edt\u00e1sok felismer\u00e9se) tart vet\u00edtett bemutat\u00f3t. Id\u0151pont: 2023. november 19. (vas\u00e1rnap), 09:30Helysz\u00edn: 7622 P\u00e9cs, Lask\u00f3 u. 12. A bel\u00e9p\u00e9s d\u00edjtalan! a Dr. Danis L\u00e1szl\u00f3 B\u00e9lyeggy\u0171jt\u0151 K\u00f6r Vezet\u0151s\u00e9ge<\/p>","protected":false},"author":2,"featured_media":0,"comment_status":"closed","ping_status":"closed","sticky":false,"template":"","format":"standard","meta":{"_seopress_robots_primary_cat":"none","_seopress_titles_title":"","_seopress_titles_desc":"","_seopress_robots_index":"","footnotes":""},"categories":[6,10],"tags":[],"class_list":["post-1405","post","type-post","status-publish","format-standard","hentry","category-esemeny","category-meghivo"],"_links":{"self":[{"href":"https:\/\/pecsibelyegkor.hu\/en\/wp-json\/wp\/v2\/posts\/1405","targetHints":{"allow":["GET"]}}],"collection":[{"href":"https:\/\/pecsibelyegkor.hu\/en\/wp-json\/wp\/v2\/posts"}],"about":[{"href":"https:\/\/pecsibelyegkor.hu\/en\/wp-json\/wp\/v2\/types\/post"}],"author":[{"embeddable":true,"href":"https:\/\/pecsibelyegkor.hu\/en\/wp-json\/wp\/v2\/users\/2"}],"replies":[{"embeddable":true,"href":"https:\/\/pecsibelyegkor.hu\/en\/wp-json\/wp\/v2\/comments?post=1405"}],"version-history":[{"count":4,"href":"https:\/\/pecsibelyegkor.hu\/en\/wp-json\/wp\/v2\/posts\/1405\/revisions"}],"predecessor-version":[{"id":1412,"href":"https:\/\/pecsibelyegkor.hu\/en\/wp-json\/wp\/v2\/posts\/1405\/revisions\/1412"}],"wp:attachment":[{"href":"https:\/\/pecsibelyegkor.hu\/en\/wp-json\/wp\/v2\/media?parent=1405"}],"wp:term":[{"taxonomy":"category","embeddable":true,"href":"https:\/\/pecsibelyegkor.hu\/en\/wp-json\/wp\/v2\/categories?post=1405"},{"taxonomy":"post_tag","embeddable":true,"href":"https:\/\/pecsibelyegkor.hu\/en\/wp-json\/wp\/v2\/tags?post=1405"}],"curies":[{"name":"wp","href":"https:\/\/api.w.org\/{rel}","templated":true}]}}