{"id":1739,"date":"2026-09-06T10:05:08","date_gmt":"2026-09-06T08:05:08","guid":{"rendered":"https:\/\/pecsibelyegkor.hu\/?p=1739"},"modified":"2026-09-06T10:14:53","modified_gmt":"2026-09-06T08:14:53","slug":"meghivo-taggyules","status":"publish","type":"post","link":"https:\/\/pecsibelyegkor.hu\/en\/meghivo-taggyules\/","title":{"rendered":"MEGH\u00cdV\u00d3 rendk\u00edv\u00fcli taggy\u0171l\u00e9sre (2026.09.20.)"},"content":{"rendered":"<div data-elementor-type=\"wp-post\" data-elementor-id=\"1739\" class=\"elementor elementor-1739\">\n\t\t\t\t<div class=\"elementor-element elementor-element-e65f077 e-flex e-con-boxed e-con e-parent\" data-id=\"e65f077\" data-element_type=\"container\" data-e-type=\"container\">\n\t\t\t\t\t<div class=\"e-con-inner\">\n\t\t\t\t<div class=\"elementor-element elementor-element-b4d6916 elementor-widget elementor-widget-text-editor\" data-id=\"b4d6916\" data-element_type=\"widget\" data-e-type=\"widget\" data-widget_type=\"text-editor.default\">\n\t\t\t\t<div class=\"elementor-widget-container\">\n\t\t\t\t\t\t\t\t\t<p>Tisztelt Gy\u0171jt\u0151t\u00e1rsak!<\/p><p>A MAB\u00c9OSZ Dr. Danis L\u00e1szl\u00f3 B\u00e9lyeggy\u0171jt\u0151 K\u00f6r\u00e9nek <strong>rendk\u00edv\u00fcli Taggy\u0171l\u00e9s\u00e9t <\/strong>az al\u00e1bbi id\u0151pontra \u00e9s helyre \u00f6sszeh\u00edvom:<\/p><p><strong><u>Id\u0151pont<\/u><\/strong>: <strong><span style=\"color: #0000ff;\">2026. szeptember 20. (vas\u00e1rnap) de. 09:00 \u00f3ra<\/span><\/strong>, hat\u00e1rozatk\u00e9ptelens\u00e9g eset\u00e9n 09:15 \u00f3ra.<br \/>(<em>A megism\u00e9telt Taggy\u0171l\u00e9s l\u00e9tsz\u00e1mt\u00f3l f\u00fcggetlen\u00fcl a meghirdetett napirendi pontokban hat\u00e1rozatk\u00e9pes!<\/em>)<\/p><p><strong><u>Helysz\u00edn<\/u><\/strong>: <span style=\"color: #0000ff;\"><strong>7623 P\u00e9cs, Szab\u00f3 J\u00f3zsef u. 4., I. em.<\/strong><\/span><br \/>(a P\u00e9csi Sz\u00e9kesegyh\u00e1z Nagycsal\u00e1dos Egyes\u00fclet\u00e9nek sz\u00e9kh\u00e1za).<\/p><p><span style=\"color: #ff0000;\"><strong><u>N a p i r e n d<\/u><\/strong><\/span><\/p><ol><li>Levezet\u0151 eln\u00f6k, jegyz\u0151k\u00f6nyvvezet\u0151, valamint\u00a0 jegyz\u0151k\u00f6nyv hiteles\u00edt\u0151k megv\u00e1laszt\u00e1sa.<br \/><span style=\"color: #33cccc;\"><span style=\"color: #33cccc;\"><em>el\u0151ad\u00f3: dr. Bodor Mih\u00e1ly (Eln\u00f6k)<br \/><br \/><\/em><\/span><\/span><\/li><li>2027. \u00e9vi m\u0171k\u00f6d\u00e9s megt\u00e1rgyal\u00e1sa.<br \/><span style=\"color: #33cccc;\"><em>el\u0151ad\u00f3: Kov\u00e1cs Bal\u00e1zs<br \/><\/em><\/span><em style=\"font-size: 1rem;\"><br \/><\/em><\/li><li>Egyebek.<\/li><\/ol><p>P\u00e9cs, 2026. szeptember 06.<\/p><p>Mr. dr. Mih\u00e1ly Bodor<strong style=\"font-size: 1rem;\"><br \/><\/strong><span style=\"font-size: 1rem;\">a Dr. Danis L\u00e1szl\u00f3 B\u00e9lyeggy\u0171jt\u0151 K\u00f6r eln\u00f6ke<\/span><\/p>\t\t\t\t\t\t\t\t<\/div>\n\t\t\t\t<\/div>\n\t\t\t\t\t<\/div>\n\t\t\t\t<\/div>\n\t\t\t\t<\/div>","protected":false},"excerpt":{"rendered":"<p>Tisztelt Gy\u0171jt\u0151t\u00e1rsak! A MAB\u00c9OSZ Dr. Danis L\u00e1szl\u00f3 B\u00e9lyeggy\u0171jt\u0151 K\u00f6r\u00e9nek rendk\u00edv\u00fcli Taggy\u0171l\u00e9s\u00e9t az al\u00e1bbi id\u0151pontra \u00e9s helyre \u00f6sszeh\u00edvom: Id\u0151pont: 2026. szeptember 20. (vas\u00e1rnap) de. 09:00 \u00f3ra, hat\u00e1rozatk\u00e9ptelens\u00e9g eset\u00e9n 09:15 \u00f3ra.(A megism\u00e9telt Taggy\u0171l\u00e9s l\u00e9tsz\u00e1mt\u00f3l f\u00fcggetlen\u00fcl a meghirdetett napirendi pontokban hat\u00e1rozatk\u00e9pes!) Helysz\u00edn: 7623 P\u00e9cs, Szab\u00f3 J\u00f3zsef u. 4., I. em.(a P\u00e9csi Sz\u00e9kesegyh\u00e1z Nagycsal\u00e1dos Egyes\u00fclet\u00e9nek sz\u00e9kh\u00e1za). N a p &hellip; <\/p>\n<p class=\"link-more\"><a href=\"https:\/\/pecsibelyegkor.hu\/en\/meghivo-taggyules\/\" class=\"more-link\">Continue reading<span class=\"screen-reader-text\"> &#8222;MEGH\u00cdV\u00d3 rendk\u00edv\u00fcli taggy\u0171l\u00e9sre (2026.09.20.)&#8221;<\/span><\/a><\/p>","protected":false},"author":2,"featured_media":0,"comment_status":"closed","ping_status":"closed","sticky":false,"template":"","format":"standard","meta":{"_seopress_titles_title":"","_seopress_titles_desc":"","_seopress_robots_index":"","_seopress_robots_follow":"","_seopress_robots_imageindex":"","_seopress_robots_snippet":"","_seopress_robots_primary_cat":"","_seopress_robots_breadcrumbs":"","_seopress_robots_freeze_modified_date":"","_seopress_robots_custom_modified_date":"","_seopress_robots_canonical":"","_seopress_social_fb_title":"","_seopress_social_fb_desc":"","_seopress_social_fb_img":"","_seopress_social_fb_img_attachment_id":0,"_seopress_social_fb_img_width":0,"_seopress_social_fb_img_height":0,"_seopress_social_twitter_title":"","_seopress_social_twitter_desc":"","_seopress_social_twitter_img":"","_seopress_social_twitter_img_attachment_id":0,"_seopress_social_twitter_img_width":0,"_seopress_social_twitter_img_height":0,"_seopress_redirections_value":"","_seopress_redirections_enabled":"","_seopress_redirections_enabled_regex":"","_seopress_redirections_logged_status":"","_seopress_redirections_param":"","_seopress_redirections_type":0,"_seopress_analysis_target_kw":"","footnotes":""},"categories":[6,1],"tags":[],"class_list":["post-1739","post","type-post","status-publish","format-standard","hentry","category-esemeny","category-uncategorized"],"_links":{"self":[{"href":"https:\/\/pecsibelyegkor.hu\/en\/wp-json\/wp\/v2\/posts\/1739","targetHints":{"allow":["GET"]}}],"collection":[{"href":"https:\/\/pecsibelyegkor.hu\/en\/wp-json\/wp\/v2\/posts"}],"about":[{"href":"https:\/\/pecsibelyegkor.hu\/en\/wp-json\/wp\/v2\/types\/post"}],"author":[{"embeddable":true,"href":"https:\/\/pecsibelyegkor.hu\/en\/wp-json\/wp\/v2\/users\/2"}],"replies":[{"embeddable":true,"href":"https:\/\/pecsibelyegkor.hu\/en\/wp-json\/wp\/v2\/comments?post=1739"}],"version-history":[{"count":5,"href":"https:\/\/pecsibelyegkor.hu\/en\/wp-json\/wp\/v2\/posts\/1739\/revisions"}],"predecessor-version":[{"id":1745,"href":"https:\/\/pecsibelyegkor.hu\/en\/wp-json\/wp\/v2\/posts\/1739\/revisions\/1745"}],"wp:attachment":[{"href":"https:\/\/pecsibelyegkor.hu\/en\/wp-json\/wp\/v2\/media?parent=1739"}],"wp:term":[{"taxonomy":"category","embeddable":true,"href":"https:\/\/pecsibelyegkor.hu\/en\/wp-json\/wp\/v2\/categories?post=1739"},{"taxonomy":"post_tag","embeddable":true,"href":"https:\/\/pecsibelyegkor.hu\/en\/wp-json\/wp\/v2\/tags?post=1739"}],"curies":[{"name":"wp","href":"https:\/\/api.w.org\/{rel}","templated":true}]}}