{"id":192,"date":"2015-01-14T20:13:00","date_gmt":"2015-01-14T19:13:00","guid":{"rendered":"https:\/\/pecsibelyegkor.hu\/?p=192"},"modified":"2023-03-24T00:14:13","modified_gmt":"2023-03-23T23:14:13","slug":"a-legkozelebbi-osszejovetel-2015-januar-25-en-lesz","status":"publish","type":"post","link":"https:\/\/pecsibelyegkor.hu\/en\/a-legkozelebbi-osszejovetel-2015-januar-25-en-lesz\/","title":{"rendered":"A legk\u00f6zelebbi \u00f6sszej\u00f6vetel 2015. janu\u00e1r 25-\u00e9n lesz!"},"content":{"rendered":"<div data-elementor-type=\"wp-post\" data-elementor-id=\"192\" class=\"elementor elementor-192\">\n\t\t\t\t\t\t<section class=\"elementor-section elementor-top-section elementor-element elementor-element-ceb8e26 elementor-section-boxed elementor-section-height-default elementor-section-height-default\" data-id=\"ceb8e26\" data-element_type=\"section\" data-e-type=\"section\">\n\t\t\t\t\t\t<div class=\"elementor-container elementor-column-gap-default\">\n\t\t\t\t\t<div class=\"elementor-column elementor-col-100 elementor-top-column elementor-element elementor-element-3215e061\" data-id=\"3215e061\" data-element_type=\"column\" data-e-type=\"column\">\n\t\t\t<div class=\"elementor-widget-wrap elementor-element-populated\">\n\t\t\t\t\t\t<div class=\"elementor-element elementor-element-658b0961 elementor-widget elementor-widget-text-editor\" data-id=\"658b0961\" data-element_type=\"widget\" data-e-type=\"widget\" data-widget_type=\"text-editor.default\">\n\t\t\t\t<div class=\"elementor-widget-container\">\n\t\t\t\t\t\t\t\t\t\n<p>Dear Collectors,<\/p>\n\n<p>Ez\u00faton is szeretn\u00e9nk felh\u00edvni sz\u00edves figyelm\u00fcket arra, hogy a <span style=\"color: #000000;\"><a style=\"color: #000000; text-decoration: underline;\" href=\"http:\/\/mabeosz.hu\/\" target=\"_blank\" rel=\"noopener\" data-type=\"URL\" data-id=\"http:\/\/mabeosz.hu\/\">MAB\u00c9OSZ <\/a><\/span>janu\u00e1r 18-ig tart\u00f3 lelt\u00e1roz\u00e1s\u00e1ra (emiatt a b\u00e9lyegkiad\u00e1s sz\u00fcneteltet\u00e9s\u00e9re) illetve a Mozgalmi H\u00e1z f\u0171tetlens\u00e9g\u00e9re val\u00f3 tekintettel, a Tisztelt Gy\u0171jt\u0151t\u00e1rsakkal egyeztetettek szerint <span style=\"color: #ff0000;\"><strong>a legk\u00f6zelebbi \u00f6sszej\u00f6vetel\u00fcnket 2015. janu\u00e1r 25-\u00e9n tartjuk<\/strong><\/span>.<\/p>\n\n<p>\u00dcdv\u00f6zlettel,<\/p>\n\n<p>a P\u00e9cs V\u00e1rosi B\u00e9lyeggy\u0171jt\u0151 K\u00f6r vezet\u0151s\u00e9ge<\/p>\n\t\t\t\t\t\t\t\t<\/div>\n\t\t\t\t<\/div>\n\t\t\t\t\t<\/div>\n\t\t<\/div>\n\t\t\t\t\t<\/div>\n\t\t<\/section>\n\t\t\t\t<\/div>","protected":false},"excerpt":{"rendered":"<p>Kedves Gy\u0171jt\u0151t\u00e1rsak! Ez\u00faton is szeretn\u00e9nk felh\u00edvni sz\u00edves figyelm\u00fcket arra, hogy a MAB\u00c9OSZ janu\u00e1r 18-ig tart\u00f3 lelt\u00e1roz\u00e1s\u00e1ra (emiatt a b\u00e9lyegkiad\u00e1s sz\u00fcneteltet\u00e9s\u00e9re) illetve a Mozgalmi H\u00e1z f\u0171tetlens\u00e9g\u00e9re val\u00f3 tekintettel, a Tisztelt Gy\u0171jt\u0151t\u00e1rsakkal egyeztetettek szerint a legk\u00f6zelebbi \u00f6sszej\u00f6vetel\u00fcnket 2015. janu\u00e1r 25-\u00e9n tartjuk. \u00dcdv\u00f6zlettel, a P\u00e9cs V\u00e1rosi B\u00e9lyeggy\u0171jt\u0151 K\u00f6r vezet\u0151s\u00e9ge<\/p>","protected":false},"author":2,"featured_media":0,"comment_status":"closed","ping_status":"closed","sticky":false,"template":"","format":"standard","meta":{"_seopress_robots_primary_cat":"none","_seopress_titles_title":"A legk\u00f6zelebbi \u00f6sszej\u00f6vetel 2015. janu\u00e1r 25-\u00e9n lesz!","_seopress_titles_desc":"","_seopress_robots_index":"","footnotes":""},"categories":[7],"tags":[],"class_list":["post-192","post","type-post","status-publish","format-standard","hentry","category-felhivas"],"_links":{"self":[{"href":"https:\/\/pecsibelyegkor.hu\/en\/wp-json\/wp\/v2\/posts\/192","targetHints":{"allow":["GET"]}}],"collection":[{"href":"https:\/\/pecsibelyegkor.hu\/en\/wp-json\/wp\/v2\/posts"}],"about":[{"href":"https:\/\/pecsibelyegkor.hu\/en\/wp-json\/wp\/v2\/types\/post"}],"author":[{"embeddable":true,"href":"https:\/\/pecsibelyegkor.hu\/en\/wp-json\/wp\/v2\/users\/2"}],"replies":[{"embeddable":true,"href":"https:\/\/pecsibelyegkor.hu\/en\/wp-json\/wp\/v2\/comments?post=192"}],"version-history":[{"count":5,"href":"https:\/\/pecsibelyegkor.hu\/en\/wp-json\/wp\/v2\/posts\/192\/revisions"}],"predecessor-version":[{"id":199,"href":"https:\/\/pecsibelyegkor.hu\/en\/wp-json\/wp\/v2\/posts\/192\/revisions\/199"}],"wp:attachment":[{"href":"https:\/\/pecsibelyegkor.hu\/en\/wp-json\/wp\/v2\/media?parent=192"}],"wp:term":[{"taxonomy":"category","embeddable":true,"href":"https:\/\/pecsibelyegkor.hu\/en\/wp-json\/wp\/v2\/categories?post=192"},{"taxonomy":"post_tag","embeddable":true,"href":"https:\/\/pecsibelyegkor.hu\/en\/wp-json\/wp\/v2\/tags?post=192"}],"curies":[{"name":"wp","href":"https:\/\/api.w.org\/{rel}","templated":true}]}}