{"id":200,"date":"2015-02-12T13:00:00","date_gmt":"2015-02-12T12:00:00","guid":{"rendered":"https:\/\/pecsibelyegkor.hu\/?p=200"},"modified":"2023-03-24T00:26:34","modified_gmt":"2023-03-23T23:26:34","slug":"kiado-termet-keresunk","status":"publish","type":"post","link":"https:\/\/pecsibelyegkor.hu\/en\/kiado-termet-keresunk\/","title":{"rendered":"Kiad\u00f3 termet keres\u00fcnk!"},"content":{"rendered":"<div data-elementor-type=\"wp-post\" data-elementor-id=\"200\" class=\"elementor elementor-200\">\n\t\t\t\t\t\t<section class=\"elementor-section elementor-top-section elementor-element elementor-element-b4a26de elementor-section-boxed elementor-section-height-default elementor-section-height-default\" data-id=\"b4a26de\" data-element_type=\"section\" data-e-type=\"section\">\n\t\t\t\t\t\t<div class=\"elementor-container elementor-column-gap-default\">\n\t\t\t\t\t<div class=\"elementor-column elementor-col-100 elementor-top-column elementor-element elementor-element-49b2813f\" data-id=\"49b2813f\" data-element_type=\"column\" data-e-type=\"column\">\n\t\t\t<div class=\"elementor-widget-wrap elementor-element-populated\">\n\t\t\t\t\t\t<div class=\"elementor-element elementor-element-1585e7af elementor-widget elementor-widget-text-editor\" data-id=\"1585e7af\" data-element_type=\"widget\" data-e-type=\"widget\" data-widget_type=\"text-editor.default\">\n\t\t\t\t<div class=\"elementor-widget-container\">\n\t\t\t\t\t\t\t\t\t<p><\/p>\n<p>Dear Collectors,<br \/>Tisztelt p\u00e9csi Polg\u00e1rok!<\/p>\n<p><\/p>\n<p>Mivel az \u00f6sszej\u00f6veteleinknek otthont ad\u00f3 MSZP Mozgalmi H\u00e1z \u00e9rt\u00e9kes\u00edt\u00e9sre ker\u00fclt, ez\u00e9rt b\u00e9lyeggy\u0171jt\u0151 K\u00f6r\u00fcnk <strong>kiad\u00f3 termet keres P\u00e9csett<\/strong> az al\u00e1bbi param\u00e9terekkel:<\/p>\n<ul>\n<li>alapter\u00fclet min. 40 nm,<\/li>\n<li>legal\u00e1bb 8 asztal \u00e9s 32 sz\u00e9k sz\u00fcks\u00e9ges (amit a b\u00e9rbead\u00f3nak kellene biztos\u00edtani),<\/li>\n<li>a termet f\u0151leg az \u00f6sszej\u00f6vetelek (vas\u00e1rnaponk\u00e9nt d\u00e9lel\u0151tt 08.00 &#8211; 11.00) idej\u00e9n haszn\u00e1ln\u00e1nk,<\/li>\n<li>prefer\u00e1lt a belv\u00e1rosi &#8211; belv\u00e1ros k\u00f6zeli elhelyezked\u00e9s, tov\u00e1bb\u00e1 hogy 2 db p\u00e1nc\u00e9lszekr\u00e9nyt (\u00f6sszesen max. 2 m sz\u00e9les) is el tudjunk helyezni.<\/li>\n<\/ul>\n<ul><\/ul>\n<p><!-- \/wp:list --><!-- wp:paragraph --><\/p>\n<p>Az <strong>aj\u00e1nlatokat <\/strong>k\u00e9rj\u00fck eljuttatni <strong>Mr. Dr. Mih\u00e1ly Bodor<\/strong> k\u00f6ri eln\u00f6k \u00far r\u00e9sz\u00e9re! (tel.: 30\/224-6682, e-mail: drbodormihaly <span style=\"color: #ff0000;\"><strong>(a)<\/strong><\/span> citromail.hu)<\/p>\n<p><!-- \/wp:paragraph --><!-- wp:paragraph --><\/p>\n<p>K\u00f6sz\u00f6nettel,<\/p>\n<p><!-- \/wp:paragraph --><!-- wp:paragraph --><\/p>\n<p>a P\u00e9cs V\u00e1rosi B\u00e9lyeggy\u0171jt\u0151 K\u00f6r vezet\u0151s\u00e9ge<\/p>\n<p><!-- \/wp:paragraph --><\/p>\t\t\t\t\t\t\t\t<\/div>\n\t\t\t\t<\/div>\n\t\t\t\t\t<\/div>\n\t\t<\/div>\n\t\t\t\t\t<\/div>\n\t\t<\/section>\n\t\t\t\t<\/div>","protected":false},"excerpt":{"rendered":"<p>Kedves Gy\u0171jt\u0151t\u00e1rsak!Tisztelt p\u00e9csi Polg\u00e1rok! Mivel az \u00f6sszej\u00f6veteleinknek otthont ad\u00f3 MSZP Mozgalmi H\u00e1z \u00e9rt\u00e9kes\u00edt\u00e9sre ker\u00fclt, ez\u00e9rt b\u00e9lyeggy\u0171jt\u0151 K\u00f6r\u00fcnk kiad\u00f3 termet keres P\u00e9csett az al\u00e1bbi param\u00e9terekkel: alapter\u00fclet min. 40 nm, legal\u00e1bb 8 asztal \u00e9s 32 sz\u00e9k sz\u00fcks\u00e9ges (amit a b\u00e9rbead\u00f3nak kellene biztos\u00edtani), a termet f\u0151leg az \u00f6sszej\u00f6vetelek (vas\u00e1rnaponk\u00e9nt d\u00e9lel\u0151tt 08.00 &#8211; 11.00) idej\u00e9n haszn\u00e1ln\u00e1nk, prefer\u00e1lt a belv\u00e1rosi &hellip; <\/p>\n<p class=\"link-more\"><a href=\"https:\/\/pecsibelyegkor.hu\/en\/kiado-termet-keresunk\/\" class=\"more-link\">Continue reading<span class=\"screen-reader-text\"> &#8222;Kiad\u00f3 termet keres\u00fcnk!&#8221;<\/span><\/a><\/p>","protected":false},"author":2,"featured_media":0,"comment_status":"closed","ping_status":"closed","sticky":false,"template":"","format":"standard","meta":{"_seopress_robots_primary_cat":"none","_seopress_titles_title":"Kiad\u00f3 termet keres\u00fcnk!","_seopress_titles_desc":"","_seopress_robots_index":"","footnotes":""},"categories":[7],"tags":[],"class_list":["post-200","post","type-post","status-publish","format-standard","hentry","category-felhivas"],"_links":{"self":[{"href":"https:\/\/pecsibelyegkor.hu\/en\/wp-json\/wp\/v2\/posts\/200","targetHints":{"allow":["GET"]}}],"collection":[{"href":"https:\/\/pecsibelyegkor.hu\/en\/wp-json\/wp\/v2\/posts"}],"about":[{"href":"https:\/\/pecsibelyegkor.hu\/en\/wp-json\/wp\/v2\/types\/post"}],"author":[{"embeddable":true,"href":"https:\/\/pecsibelyegkor.hu\/en\/wp-json\/wp\/v2\/users\/2"}],"replies":[{"embeddable":true,"href":"https:\/\/pecsibelyegkor.hu\/en\/wp-json\/wp\/v2\/comments?post=200"}],"version-history":[{"count":15,"href":"https:\/\/pecsibelyegkor.hu\/en\/wp-json\/wp\/v2\/posts\/200\/revisions"}],"predecessor-version":[{"id":218,"href":"https:\/\/pecsibelyegkor.hu\/en\/wp-json\/wp\/v2\/posts\/200\/revisions\/218"}],"wp:attachment":[{"href":"https:\/\/pecsibelyegkor.hu\/en\/wp-json\/wp\/v2\/media?parent=200"}],"wp:term":[{"taxonomy":"category","embeddable":true,"href":"https:\/\/pecsibelyegkor.hu\/en\/wp-json\/wp\/v2\/categories?post=200"},{"taxonomy":"post_tag","embeddable":true,"href":"https:\/\/pecsibelyegkor.hu\/en\/wp-json\/wp\/v2\/tags?post=200"}],"curies":[{"name":"wp","href":"https:\/\/api.w.org\/{rel}","templated":true}]}}