{"id":219,"date":"2015-03-09T16:06:00","date_gmt":"2015-03-09T15:06:00","guid":{"rendered":"https:\/\/pecsibelyegkor.hu\/?p=219"},"modified":"2023-03-24T00:32:05","modified_gmt":"2023-03-23T23:32:05","slug":"uj-helyre-koltoztunk-pecs-lasko-u-12","status":"publish","type":"post","link":"https:\/\/pecsibelyegkor.hu\/en\/uj-helyre-koltoztunk-pecs-lasko-u-12\/","title":{"rendered":"\u00daj helyre k\u00f6lt\u00f6zt\u00fcnk: P\u00e9cs, Lask\u00f3 u. 12."},"content":{"rendered":"<div data-elementor-type=\"wp-post\" data-elementor-id=\"219\" class=\"elementor elementor-219\">\n\t\t\t\t\t\t<section class=\"elementor-section elementor-top-section elementor-element elementor-element-516b02c3 elementor-section-boxed elementor-section-height-default elementor-section-height-default\" data-id=\"516b02c3\" data-element_type=\"section\" data-e-type=\"section\">\n\t\t\t\t\t\t<div class=\"elementor-container elementor-column-gap-default\">\n\t\t\t\t\t<div class=\"elementor-column elementor-col-100 elementor-top-column elementor-element elementor-element-1261738d\" data-id=\"1261738d\" data-element_type=\"column\" data-e-type=\"column\">\n\t\t\t<div class=\"elementor-widget-wrap elementor-element-populated\">\n\t\t\t\t\t\t<div class=\"elementor-element elementor-element-7dc834fe elementor-widget elementor-widget-text-editor\" data-id=\"7dc834fe\" data-element_type=\"widget\" data-e-type=\"widget\" data-widget_type=\"text-editor.default\">\n\t\t\t\t<div class=\"elementor-widget-container\">\n\t\t\t\t\t\t\t\t\t\n<p>Tisztelt Gy\u0171jt\u0151t\u00e1rsak!<\/p>\n\n<p>Siker\u00fclt \u00faj \u00f6sszej\u00f6veteli helyet tal\u00e1lnunk, m\u00e1rcius 22-t\u0151l v\u00e1ltozatlan id\u0151pontban a <span style=\"color: #ff0000;\"><a style=\"color: #ff0000;\" href=\"https:\/\/pecsibelyegkor.hu\/en\/kapcsolat\/\"><strong>P\u00e9cs, Lask\u00f3 u. 12.<\/strong><\/a><\/span> sz\u00e1m alatt tartjuk \u00f6sszej\u00f6veteleinket.<\/p>\n\n<p>\u00dcdv\u00f6zlettel,<\/p>\n\n<p>a P\u00e9csi V\u00e1rosi B\u00e9lyeggy\u0171jt\u0151 K\u00f6r Vezet\u0151s\u00e9ge<\/p>\n\t\t\t\t\t\t\t\t<\/div>\n\t\t\t\t<\/div>\n\t\t\t\t\t<\/div>\n\t\t<\/div>\n\t\t\t\t\t<\/div>\n\t\t<\/section>\n\t\t\t\t<section class=\"elementor-section elementor-top-section elementor-element elementor-element-d62fa69 elementor-section-boxed elementor-section-height-default elementor-section-height-default\" data-id=\"d62fa69\" data-element_type=\"section\" data-e-type=\"section\">\n\t\t\t\t\t\t<div class=\"elementor-container elementor-column-gap-default\">\n\t\t\t\t\t<div class=\"elementor-column elementor-col-100 elementor-top-column elementor-element elementor-element-d037fc4\" data-id=\"d037fc4\" data-element_type=\"column\" data-e-type=\"column\">\n\t\t\t<div class=\"elementor-widget-wrap elementor-element-populated\">\n\t\t\t\t\t\t<div class=\"elementor-element elementor-element-8207f51 elementor-widget elementor-widget-image\" data-id=\"8207f51\" data-element_type=\"widget\" data-e-type=\"widget\" data-widget_type=\"image.default\">\n\t\t\t\t<div class=\"elementor-widget-container\">\n\t\t\t\t\t\t\t\t\t\t\t\t\t\t\t<img fetchpriority=\"high\" decoding=\"async\" width=\"525\" height=\"372\" src=\"https:\/\/pecsibelyegkor.hu\/wp-content\/uploads\/2015\/03\/Pecs_Lasko_terkep.jpg\" class=\"attachment-large size-large wp-image-226\" alt=\"P\u00e9cs, Lask\u00f3 u. 12. (T\u00e9rk\u00e9p)\" srcset=\"https:\/\/pecsibelyegkor.hu\/wp-content\/uploads\/2015\/03\/Pecs_Lasko_terkep.jpg 675w, https:\/\/pecsibelyegkor.hu\/wp-content\/uploads\/2015\/03\/Pecs_Lasko_terkep-300x212.jpg 300w, https:\/\/pecsibelyegkor.hu\/wp-content\/uploads\/2015\/03\/Pecs_Lasko_terkep-18x12.jpg 18w\" sizes=\"(max-width: 767px) 89vw, (max-width: 1000px) 54vw, (max-width: 1071px) 543px, 580px\" \/>\t\t\t\t\t\t\t\t\t\t\t\t\t\t\t<\/div>\n\t\t\t\t<\/div>\n\t\t\t\t\t<\/div>\n\t\t<\/div>\n\t\t\t\t\t<\/div>\n\t\t<\/section>\n\t\t\t\t<section class=\"elementor-section elementor-top-section elementor-element elementor-element-65f45e6 elementor-section-boxed elementor-section-height-default elementor-section-height-default\" data-id=\"65f45e6\" data-element_type=\"section\" data-e-type=\"section\">\n\t\t\t\t\t\t<div class=\"elementor-container elementor-column-gap-default\">\n\t\t\t\t\t<div class=\"elementor-column elementor-col-100 elementor-top-column elementor-element elementor-element-7ae65d3\" data-id=\"7ae65d3\" data-element_type=\"column\" data-e-type=\"column\">\n\t\t\t<div class=\"elementor-widget-wrap elementor-element-populated\">\n\t\t\t\t\t\t<div class=\"elementor-element elementor-element-2048919 elementor-widget elementor-widget-image\" data-id=\"2048919\" data-element_type=\"widget\" data-e-type=\"widget\" data-widget_type=\"image.default\">\n\t\t\t\t<div class=\"elementor-widget-container\">\n\t\t\t\t\t\t\t\t\t\t\t\t\t\t\t<img decoding=\"async\" width=\"525\" height=\"313\" src=\"https:\/\/pecsibelyegkor.hu\/wp-content\/uploads\/2023\/03\/Pecs_Lasko.jpg\" class=\"attachment-large size-large wp-image-143\" alt=\"P\u00e9cs, Lask\u00f3 u. 12.\" srcset=\"https:\/\/pecsibelyegkor.hu\/wp-content\/uploads\/2023\/03\/Pecs_Lasko.jpg 825w, https:\/\/pecsibelyegkor.hu\/wp-content\/uploads\/2023\/03\/Pecs_Lasko-300x179.jpg 300w, https:\/\/pecsibelyegkor.hu\/wp-content\/uploads\/2023\/03\/Pecs_Lasko-768x458.jpg 768w, https:\/\/pecsibelyegkor.hu\/wp-content\/uploads\/2023\/03\/Pecs_Lasko-18x12.jpg 18w\" sizes=\"(max-width: 767px) 89vw, (max-width: 1000px) 54vw, (max-width: 1071px) 543px, 580px\" \/>\t\t\t\t\t\t\t\t\t\t\t\t\t\t\t<\/div>\n\t\t\t\t<\/div>\n\t\t\t\t\t<\/div>\n\t\t<\/div>\n\t\t\t\t\t<\/div>\n\t\t<\/section>\n\t\t\t\t<\/div>","protected":false},"excerpt":{"rendered":"<p>Tisztelt Gy\u0171jt\u0151t\u00e1rsak! Siker\u00fclt \u00faj \u00f6sszej\u00f6veteli helyet tal\u00e1lnunk, m\u00e1rcius 22-t\u0151l v\u00e1ltozatlan id\u0151pontban a P\u00e9cs, Lask\u00f3 u. 12. sz\u00e1m alatt tartjuk \u00f6sszej\u00f6veteleinket. \u00dcdv\u00f6zlettel, a P\u00e9csi V\u00e1rosi B\u00e9lyeggy\u0171jt\u0151 K\u00f6r Vezet\u0151s\u00e9ge<\/p>","protected":false},"author":2,"featured_media":0,"comment_status":"closed","ping_status":"closed","sticky":false,"template":"","format":"standard","meta":{"_seopress_robots_primary_cat":"none","_seopress_titles_title":"\u00daj helyre k\u00f6lt\u00f6zt\u00fcnk: P\u00e9cs, Lask\u00f3 u. 12.","_seopress_titles_desc":"","_seopress_robots_index":"","footnotes":""},"categories":[7],"tags":[],"class_list":["post-219","post","type-post","status-publish","format-standard","hentry","category-felhivas"],"_links":{"self":[{"href":"https:\/\/pecsibelyegkor.hu\/en\/wp-json\/wp\/v2\/posts\/219","targetHints":{"allow":["GET"]}}],"collection":[{"href":"https:\/\/pecsibelyegkor.hu\/en\/wp-json\/wp\/v2\/posts"}],"about":[{"href":"https:\/\/pecsibelyegkor.hu\/en\/wp-json\/wp\/v2\/types\/post"}],"author":[{"embeddable":true,"href":"https:\/\/pecsibelyegkor.hu\/en\/wp-json\/wp\/v2\/users\/2"}],"replies":[{"embeddable":true,"href":"https:\/\/pecsibelyegkor.hu\/en\/wp-json\/wp\/v2\/comments?post=219"}],"version-history":[{"count":7,"href":"https:\/\/pecsibelyegkor.hu\/en\/wp-json\/wp\/v2\/posts\/219\/revisions"}],"predecessor-version":[{"id":229,"href":"https:\/\/pecsibelyegkor.hu\/en\/wp-json\/wp\/v2\/posts\/219\/revisions\/229"}],"wp:attachment":[{"href":"https:\/\/pecsibelyegkor.hu\/en\/wp-json\/wp\/v2\/media?parent=219"}],"wp:term":[{"taxonomy":"category","embeddable":true,"href":"https:\/\/pecsibelyegkor.hu\/en\/wp-json\/wp\/v2\/categories?post=219"},{"taxonomy":"post_tag","embeddable":true,"href":"https:\/\/pecsibelyegkor.hu\/en\/wp-json\/wp\/v2\/tags?post=219"}],"curies":[{"name":"wp","href":"https:\/\/api.w.org\/{rel}","templated":true}]}}