{"id":360,"date":"2015-03-24T19:30:00","date_gmt":"2015-03-24T18:30:00","guid":{"rendered":"https:\/\/pecsibelyegkor.hu\/?p=360"},"modified":"2023-03-24T20:32:13","modified_gmt":"2023-03-24T19:32:13","slug":"meghivo-a-pecs-varosi-belyeggyujto-kor-2014-evi-zarszamado-taggyulesere","status":"publish","type":"post","link":"https:\/\/pecsibelyegkor.hu\/en\/meghivo-a-pecs-varosi-belyeggyujto-kor-2014-evi-zarszamado-taggyulesere\/","title":{"rendered":"MEGH\u00cdV\u00d3 a P\u00e9cs V\u00e1rosi B\u00e9lyeggy\u0171jt\u0151 K\u00f6r 2014. \u00e9vi z\u00e1rsz\u00e1mad\u00f3 taggy\u0171l\u00e9s\u00e9re!"},"content":{"rendered":"<div data-elementor-type=\"wp-post\" data-elementor-id=\"360\" class=\"elementor elementor-360\">\n\t\t\t\t\t\t<section class=\"elementor-section elementor-top-section elementor-element elementor-element-533fc11 elementor-section-boxed elementor-section-height-default elementor-section-height-default\" data-id=\"533fc11\" data-element_type=\"section\" data-e-type=\"section\">\n\t\t\t\t\t\t<div class=\"elementor-container elementor-column-gap-default\">\n\t\t\t\t\t<div class=\"elementor-column elementor-col-100 elementor-top-column elementor-element elementor-element-7e8fa9bb\" data-id=\"7e8fa9bb\" data-element_type=\"column\" data-e-type=\"column\">\n\t\t\t<div class=\"elementor-widget-wrap elementor-element-populated\">\n\t\t\t\t\t\t<div class=\"elementor-element elementor-element-1d24c0fd elementor-widget elementor-widget-text-editor\" data-id=\"1d24c0fd\" data-element_type=\"widget\" data-e-type=\"widget\" data-widget_type=\"text-editor.default\">\n\t\t\t\t<div class=\"elementor-widget-container\">\n\t\t\t\t\t\t\t\t\t\n<p><span style=\"text-decoration: underline;\"><strong>M E G H \u00cd V \u00d3<\/strong><\/span><\/p>\n\n<p>A P\u00e9cs V\u00e1rosi B\u00e9lyeggy\u0171jt\u0151 K\u00f6r 2014. \u00e9vi z\u00e1rsz\u00e1mad\u00f3 taggy\u0171l\u00e9s\u00e9re.<\/p>\n\n<p><span style=\"text-decoration: underline;\"><strong>Id\u0151pont<\/strong><\/span>: <span style=\"color: #ff0000;\">2015. \u00e1prilis 19. (vas\u00e1rnap) de. 9.30 \u00f3ra<\/span>, hat\u00e1rozatk\u00e9ptelens\u00e9g eset\u00e9n 10.00-kor.<br \/>(A megism\u00e9telt Taggy\u0171l\u00e9s l\u00e9tsz\u00e1mt\u00f3l f\u00fcggetlen\u00fcl a meghirdetett napirendi pontokban hat\u00e1rozatk\u00e9pes!)<br \/><span style=\"text-decoration: underline;\"><strong>Helysz\u00edn<\/strong><\/span>: P\u00e9cs, Lask\u00f3 u. 12.<\/p>\n\n<p><span style=\"text-decoration: underline;\"><strong>N a p i r e n d<\/strong><\/span><\/p>\n\n<ol class=\"wp-block-list\">\n<li>Jegyz\u0151k\u00f6nyvvezet\u0151, jegyz\u0151k\u00f6nyv hiteles\u00edt\u0151k, valamint a levezet\u0151 eln\u00f6k megv\u00e1laszt\u00e1sa.<\/li>\n\n<li>Besz\u00e1mol\u00f3 a P\u00e9cs V\u00e1rosi B\u00e9lyeggy\u0171jt\u0151 K\u00f6r 2014. \u00e9vi munk\u00e1j\u00e1r\u00f3l.<\/li>\n\n<li>2015. \u00e9vi k\u00f6lts\u00e9gvet\u00e9si tervezet.<\/li>\n\n<li>Javaslatok a 2015. \u00e9vi programra.<\/li>\n\n<li>Kit\u00fcntet\u00e9si javaslatok.<\/li>\n\n<li>Javaslatok a MAB\u00c9OSZ 2015. \u00e9vi programj\u00e1hoz.<\/li>\n\n<li>Egyebek.<\/li>\n<\/ol>\n\n<p>P\u00e9cs, 2015. m\u00e1rcius 29.<\/p>\n\n<p><strong>Mr. dr. Mih\u00e1ly Bodor<\/strong><\/p>\n\n<p>a P\u00e9cs V\u00e1rosi B\u00e9lyeggy\u0171jt\u0151 K\u00f6r eln\u00f6ke<\/p>\n\t\t\t\t\t\t\t\t<\/div>\n\t\t\t\t<\/div>\n\t\t\t\t\t<\/div>\n\t\t<\/div>\n\t\t\t\t\t<\/div>\n\t\t<\/section>\n\t\t\t\t<\/div>","protected":false},"excerpt":{"rendered":"<p>M E G H \u00cd V \u00d3 A P\u00e9cs V\u00e1rosi B\u00e9lyeggy\u0171jt\u0151 K\u00f6r 2014. \u00e9vi z\u00e1rsz\u00e1mad\u00f3 taggy\u0171l\u00e9s\u00e9re. Id\u0151pont: 2015. \u00e1prilis 19. (vas\u00e1rnap) de. 9.30 \u00f3ra, hat\u00e1rozatk\u00e9ptelens\u00e9g eset\u00e9n 10.00-kor.(A megism\u00e9telt Taggy\u0171l\u00e9s l\u00e9tsz\u00e1mt\u00f3l f\u00fcggetlen\u00fcl a meghirdetett napirendi pontokban hat\u00e1rozatk\u00e9pes!)Helysz\u00edn: P\u00e9cs, Lask\u00f3 u. 12. N a p i r e n d P\u00e9cs, 2015. m\u00e1rcius 29. dr. Bodor Mih\u00e1ly &hellip; <\/p>\n<p class=\"link-more\"><a href=\"https:\/\/pecsibelyegkor.hu\/en\/meghivo-a-pecs-varosi-belyeggyujto-kor-2014-evi-zarszamado-taggyulesere\/\" class=\"more-link\">Continue reading<span class=\"screen-reader-text\"> &#8222;MEGH\u00cdV\u00d3 a P\u00e9cs V\u00e1rosi B\u00e9lyeggy\u0171jt\u0151 K\u00f6r 2014. \u00e9vi z\u00e1rsz\u00e1mad\u00f3 taggy\u0171l\u00e9s\u00e9re!&#8221;<\/span><\/a><\/p>","protected":false},"author":2,"featured_media":0,"comment_status":"closed","ping_status":"closed","sticky":false,"template":"","format":"standard","meta":{"_seopress_robots_primary_cat":"none","_seopress_titles_title":"MEGH\u00cdV\u00d3 a P\u00e9cs V\u00e1rosi B\u00e9lyeggy\u0171jt\u0151 K\u00f6r 2014. \u00e9vi z\u00e1rsz\u00e1mad\u00f3 taggy\u0171l\u00e9s\u00e9re!","_seopress_titles_desc":"","_seopress_robots_index":"","footnotes":""},"categories":[6,10],"tags":[],"class_list":["post-360","post","type-post","status-publish","format-standard","hentry","category-esemeny","category-meghivo"],"_links":{"self":[{"href":"https:\/\/pecsibelyegkor.hu\/en\/wp-json\/wp\/v2\/posts\/360","targetHints":{"allow":["GET"]}}],"collection":[{"href":"https:\/\/pecsibelyegkor.hu\/en\/wp-json\/wp\/v2\/posts"}],"about":[{"href":"https:\/\/pecsibelyegkor.hu\/en\/wp-json\/wp\/v2\/types\/post"}],"author":[{"embeddable":true,"href":"https:\/\/pecsibelyegkor.hu\/en\/wp-json\/wp\/v2\/users\/2"}],"replies":[{"embeddable":true,"href":"https:\/\/pecsibelyegkor.hu\/en\/wp-json\/wp\/v2\/comments?post=360"}],"version-history":[{"count":4,"href":"https:\/\/pecsibelyegkor.hu\/en\/wp-json\/wp\/v2\/posts\/360\/revisions"}],"predecessor-version":[{"id":366,"href":"https:\/\/pecsibelyegkor.hu\/en\/wp-json\/wp\/v2\/posts\/360\/revisions\/366"}],"wp:attachment":[{"href":"https:\/\/pecsibelyegkor.hu\/en\/wp-json\/wp\/v2\/media?parent=360"}],"wp:term":[{"taxonomy":"category","embeddable":true,"href":"https:\/\/pecsibelyegkor.hu\/en\/wp-json\/wp\/v2\/categories?post=360"},{"taxonomy":"post_tag","embeddable":true,"href":"https:\/\/pecsibelyegkor.hu\/en\/wp-json\/wp\/v2\/tags?post=360"}],"curies":[{"name":"wp","href":"https:\/\/api.w.org\/{rel}","templated":true}]}}