{"id":367,"date":"2015-03-30T20:13:00","date_gmt":"2015-03-30T18:13:00","guid":{"rendered":"https:\/\/pecsibelyegkor.hu\/?p=367"},"modified":"2023-03-24T20:32:04","modified_gmt":"2023-03-24T19:32:04","slug":"meghivo-a-mabeosz-2015-evi-baranya-megyei-kuldottgyulesere","status":"publish","type":"post","link":"https:\/\/pecsibelyegkor.hu\/en\/meghivo-a-mabeosz-2015-evi-baranya-megyei-kuldottgyulesere\/","title":{"rendered":"MEGH\u00cdV\u00d3 a MAB\u00c9OSZ 2015. \u00e9vi Baranya megyei k\u00fcld\u00f6ttgy\u0171l\u00e9s\u00e9re!"},"content":{"rendered":"<div data-elementor-type=\"wp-post\" data-elementor-id=\"367\" class=\"elementor elementor-367\">\n\t\t\t\t\t\t<section class=\"elementor-section elementor-top-section elementor-element elementor-element-3e5c03cd elementor-section-boxed elementor-section-height-default elementor-section-height-default\" data-id=\"3e5c03cd\" data-element_type=\"section\" data-e-type=\"section\">\n\t\t\t\t\t\t<div class=\"elementor-container elementor-column-gap-default\">\n\t\t\t\t\t<div class=\"elementor-column elementor-col-100 elementor-top-column elementor-element elementor-element-4d274c27\" data-id=\"4d274c27\" data-element_type=\"column\" data-e-type=\"column\">\n\t\t\t<div class=\"elementor-widget-wrap elementor-element-populated\">\n\t\t\t\t\t\t<div class=\"elementor-element elementor-element-586def0f elementor-widget elementor-widget-text-editor\" data-id=\"586def0f\" data-element_type=\"widget\" data-e-type=\"widget\" data-widget_type=\"text-editor.default\">\n\t\t\t\t<div class=\"elementor-widget-container\">\n\t\t\t\t\t\t\t\t\t\n<p><span style=\"text-decoration: underline;\"><strong>MAB\u00c9OSZ B\u00e9lyeggy\u0171jt\u0151 K\u00f6r Sz\u00e9khely\u00e9n<br \/>K\u00f6ri k\u00fcld\u00f6tt r\u00e9sz\u00e9re<\/strong><\/span><\/p>\n<p><span style=\"text-decoration: underline;\"><\/span><\/p>\n<p><span style=\"text-decoration: underline;\"><strong>M E G H \u00cd V \u00d3<\/strong><\/span><\/p>\n\n<p>Alul\u00edrott megh\u00edvom \u00d6nt a 2015. \u00e9vi MAB\u00c9OSZ Baranya megyei k\u00fcld\u00f6ttgy\u0171l\u00e9s\u00e9re, melyet <span style=\"color: #ff0000;\">2015. \u00e1prilis 19-\u00e9n (vas\u00e1rnap) de. 10.30 \u00f3rakor<\/span> P\u00e9csett a Lask\u00f3 u. 12. sz\u00e1m alatt tartunk. Amennyiben a k\u00fcld\u00f6ttgy\u0171l\u00e9s nem lesz hat\u00e1rozatk\u00e9pes, a megism\u00e9telt K\u00fcld\u00f6ttgy\u0171l\u00e9st 11 \u00f3r\u00e1ra \u00f6sszeh\u00edvom. A megism\u00e9telt K\u00fcld\u00f6ttgy\u0171l\u00e9s a jelenl\u00e9v\u0151k l\u00e9tsz\u00e1m\u00e1t\u00f3l f\u00fcggetlen\u00fcl-a meghirdetett napirendi pontokban hat\u00e1rozatk\u00e9pes!<\/p>\n\n<p><span style=\"text-decoration: underline;\"><strong>N a p i r e n d<\/strong><\/span><\/p>\n\n<ol class=\"wp-block-list\">\n<li>Jegyz\u0151k\u00f6nyvvezet\u0151, jegyz\u0151k\u00f6nyv hiteles\u00edt\u0151k, valamint a levezet\u0151 eln\u00f6k megv\u00e1laszt\u00e1sa.<\/li>\n\n<li>Besz\u00e1mol\u00f3 a P\u00e9cs V\u00e1rosi B\u00e9lyeggy\u0171jt\u0151 B\u00e1zisk\u00f6r 2014. \u00e9vi munk\u00e1j\u00e1r\u00f3l.<\/li>\n\n<li>Javaslat a 2015. \u00e9vi programra<\/li>\n\n<li>Kit\u00fcntet\u00e9si javaslatok<\/li>\n\n<li>Javaslatok a MAB\u00c9OSZ 2015. \u00e9vi programj\u00e1hoz<\/li>\n\n<li>Egyebek.<\/li>\n<\/ol>\n\n<p>P\u00e9cs, 2015. m\u00e1rcius 29.<\/p>\n\n<p><strong>Mr. dr. Mih\u00e1ly Bodor<\/strong> a MAB\u00c9OSZ<\/p>\n\n<p>Baranya megyei k\u00fcld\u00f6tt gy\u0171l\u00e9s\u00e9nek eln\u00f6ke<\/p>\n\t\t\t\t\t\t\t\t<\/div>\n\t\t\t\t<\/div>\n\t\t\t\t\t<\/div>\n\t\t<\/div>\n\t\t\t\t\t<\/div>\n\t\t<\/section>\n\t\t\t\t<\/div>","protected":false},"excerpt":{"rendered":"<p>MAB\u00c9OSZ B\u00e9lyeggy\u0171jt\u0151 K\u00f6r Sz\u00e9khely\u00e9nK\u00f6ri k\u00fcld\u00f6tt r\u00e9sz\u00e9re M E G H \u00cd V \u00d3 Alul\u00edrott megh\u00edvom \u00d6nt a 2015. \u00e9vi MAB\u00c9OSZ Baranya megyei k\u00fcld\u00f6ttgy\u0171l\u00e9s\u00e9re, melyet 2015. \u00e1prilis 19-\u00e9n (vas\u00e1rnap) de. 10.30 \u00f3rakor P\u00e9csett a Lask\u00f3 u. 12. sz\u00e1m alatt tartunk. Amennyiben a k\u00fcld\u00f6ttgy\u0171l\u00e9s nem lesz hat\u00e1rozatk\u00e9pes, a megism\u00e9telt K\u00fcld\u00f6ttgy\u0171l\u00e9st 11 \u00f3r\u00e1ra \u00f6sszeh\u00edvom. A megism\u00e9telt K\u00fcld\u00f6ttgy\u0171l\u00e9s a &hellip; <\/p>\n<p class=\"link-more\"><a href=\"https:\/\/pecsibelyegkor.hu\/en\/meghivo-a-mabeosz-2015-evi-baranya-megyei-kuldottgyulesere\/\" class=\"more-link\">Continue reading<span class=\"screen-reader-text\"> &#8222;MEGH\u00cdV\u00d3 a MAB\u00c9OSZ 2015. \u00e9vi Baranya megyei k\u00fcld\u00f6ttgy\u0171l\u00e9s\u00e9re!&#8221;<\/span><\/a><\/p>","protected":false},"author":2,"featured_media":0,"comment_status":"closed","ping_status":"closed","sticky":false,"template":"","format":"standard","meta":{"_seopress_robots_primary_cat":"none","_seopress_titles_title":"MEGH\u00cdV\u00d3 a MAB\u00c9OSZ 2015. \u00e9vi Baranya megyei k\u00fcld\u00f6ttgy\u0171l\u00e9s\u00e9re!","_seopress_titles_desc":"","_seopress_robots_index":"","footnotes":""},"categories":[6,10],"tags":[],"class_list":["post-367","post","type-post","status-publish","format-standard","hentry","category-esemeny","category-meghivo"],"_links":{"self":[{"href":"https:\/\/pecsibelyegkor.hu\/en\/wp-json\/wp\/v2\/posts\/367","targetHints":{"allow":["GET"]}}],"collection":[{"href":"https:\/\/pecsibelyegkor.hu\/en\/wp-json\/wp\/v2\/posts"}],"about":[{"href":"https:\/\/pecsibelyegkor.hu\/en\/wp-json\/wp\/v2\/types\/post"}],"author":[{"embeddable":true,"href":"https:\/\/pecsibelyegkor.hu\/en\/wp-json\/wp\/v2\/users\/2"}],"replies":[{"embeddable":true,"href":"https:\/\/pecsibelyegkor.hu\/en\/wp-json\/wp\/v2\/comments?post=367"}],"version-history":[{"count":5,"href":"https:\/\/pecsibelyegkor.hu\/en\/wp-json\/wp\/v2\/posts\/367\/revisions"}],"predecessor-version":[{"id":374,"href":"https:\/\/pecsibelyegkor.hu\/en\/wp-json\/wp\/v2\/posts\/367\/revisions\/374"}],"wp:attachment":[{"href":"https:\/\/pecsibelyegkor.hu\/en\/wp-json\/wp\/v2\/media?parent=367"}],"wp:term":[{"taxonomy":"category","embeddable":true,"href":"https:\/\/pecsibelyegkor.hu\/en\/wp-json\/wp\/v2\/categories?post=367"},{"taxonomy":"post_tag","embeddable":true,"href":"https:\/\/pecsibelyegkor.hu\/en\/wp-json\/wp\/v2\/tags?post=367"}],"curies":[{"name":"wp","href":"https:\/\/api.w.org\/{rel}","templated":true}]}}