{"id":375,"date":"2015-10-01T10:58:00","date_gmt":"2015-10-01T08:58:00","guid":{"rendered":"https:\/\/pecsibelyegkor.hu\/?p=375"},"modified":"2023-03-24T20:31:53","modified_gmt":"2023-03-24T19:31:53","slug":"meghivo-vas-istvan-eloadasara-2015-oktober-18","status":"publish","type":"post","link":"https:\/\/pecsibelyegkor.hu\/en\/meghivo-vas-istvan-eloadasara-2015-oktober-18\/","title":{"rendered":"MEGH\u00cdV\u00d3 Vas Istv\u00e1n el\u0151ad\u00e1s\u00e1ra &#8211; 2015. okt\u00f3ber 18."},"content":{"rendered":"<div data-elementor-type=\"wp-post\" data-elementor-id=\"375\" class=\"elementor elementor-375\">\n\t\t\t\t\t\t<section class=\"elementor-section elementor-top-section elementor-element elementor-element-6d497999 elementor-section-boxed elementor-section-height-default elementor-section-height-default\" data-id=\"6d497999\" data-element_type=\"section\" data-e-type=\"section\">\n\t\t\t\t\t\t<div class=\"elementor-container elementor-column-gap-default\">\n\t\t\t\t\t<div class=\"elementor-column elementor-col-100 elementor-top-column elementor-element elementor-element-4b721cc0\" data-id=\"4b721cc0\" data-element_type=\"column\" data-e-type=\"column\">\n\t\t\t<div class=\"elementor-widget-wrap elementor-element-populated\">\n\t\t\t\t\t\t<div class=\"elementor-element elementor-element-2b7bccdf elementor-widget elementor-widget-text-editor\" data-id=\"2b7bccdf\" data-element_type=\"widget\" data-e-type=\"widget\" data-widget_type=\"text-editor.default\">\n\t\t\t\t<div class=\"elementor-widget-container\">\n\t\t\t\t\t\t\t\t\t\n<p>A P\u00e9cs V\u00e1rosi B\u00e9lyeggy\u0171jt\u0151 K\u00f6r tisztelettel megh\u00edvja \u00d6nt <strong>2015. okt\u00f3ber 18<\/strong>-\u00e1n, d\u00e9lel\u0151tt 10:00 \u00f3r\u00e1ra a P\u00e9cs, Lask\u00f3 u. 12. sz\u00e1m alatti klubterm\u00e9be <strong>Vas Istv\u00e1n<\/strong>: <strong><span style=\"color: #ff0000;\">Az 1871-es b\u00e9lyegkiad\u00e1s t\u00f6rt\u00e9nete<\/span><\/strong> c. el\u0151ad\u00e1s\u00e1ra.<\/p>\n\n<p style=\"padding-left: 40px;\">P\u00e9cs V\u00e1rosi B\u00e9lyeggy\u0171jt\u0151 K\u00f6r<\/p>\n\t\t\t\t\t\t\t\t<\/div>\n\t\t\t\t<\/div>\n\t\t\t\t\t<\/div>\n\t\t<\/div>\n\t\t\t\t\t<\/div>\n\t\t<\/section>\n\t\t\t\t<\/div>","protected":false},"excerpt":{"rendered":"<p>A P\u00e9cs V\u00e1rosi B\u00e9lyeggy\u0171jt\u0151 K\u00f6r tisztelettel megh\u00edvja \u00d6nt 2015. okt\u00f3ber 18-\u00e1n, d\u00e9lel\u0151tt 10:00 \u00f3r\u00e1ra a P\u00e9cs, Lask\u00f3 u. 12. sz\u00e1m alatti klubterm\u00e9be Vas Istv\u00e1n: Az 1871-es b\u00e9lyegkiad\u00e1s t\u00f6rt\u00e9nete c. el\u0151ad\u00e1s\u00e1ra. P\u00e9cs V\u00e1rosi B\u00e9lyeggy\u0171jt\u0151 K\u00f6r<\/p>","protected":false},"author":2,"featured_media":0,"comment_status":"closed","ping_status":"closed","sticky":false,"template":"","format":"standard","meta":{"_seopress_robots_primary_cat":"none","_seopress_titles_title":"MEGH\u00cdV\u00d3 Vas Istv\u00e1n el\u0151ad\u00e1s\u00e1ra - 2015. okt\u00f3ber 18.","_seopress_titles_desc":"","_seopress_robots_index":"","footnotes":""},"categories":[6,10],"tags":[],"class_list":["post-375","post","type-post","status-publish","format-standard","hentry","category-esemeny","category-meghivo"],"_links":{"self":[{"href":"https:\/\/pecsibelyegkor.hu\/en\/wp-json\/wp\/v2\/posts\/375","targetHints":{"allow":["GET"]}}],"collection":[{"href":"https:\/\/pecsibelyegkor.hu\/en\/wp-json\/wp\/v2\/posts"}],"about":[{"href":"https:\/\/pecsibelyegkor.hu\/en\/wp-json\/wp\/v2\/types\/post"}],"author":[{"embeddable":true,"href":"https:\/\/pecsibelyegkor.hu\/en\/wp-json\/wp\/v2\/users\/2"}],"replies":[{"embeddable":true,"href":"https:\/\/pecsibelyegkor.hu\/en\/wp-json\/wp\/v2\/comments?post=375"}],"version-history":[{"count":7,"href":"https:\/\/pecsibelyegkor.hu\/en\/wp-json\/wp\/v2\/posts\/375\/revisions"}],"predecessor-version":[{"id":384,"href":"https:\/\/pecsibelyegkor.hu\/en\/wp-json\/wp\/v2\/posts\/375\/revisions\/384"}],"wp:attachment":[{"href":"https:\/\/pecsibelyegkor.hu\/en\/wp-json\/wp\/v2\/media?parent=375"}],"wp:term":[{"taxonomy":"category","embeddable":true,"href":"https:\/\/pecsibelyegkor.hu\/en\/wp-json\/wp\/v2\/categories?post=375"},{"taxonomy":"post_tag","embeddable":true,"href":"https:\/\/pecsibelyegkor.hu\/en\/wp-json\/wp\/v2\/tags?post=375"}],"curies":[{"name":"wp","href":"https:\/\/api.w.org\/{rel}","templated":true}]}}