{"id":600,"date":"2016-12-12T10:30:00","date_gmt":"2016-12-12T09:30:00","guid":{"rendered":"https:\/\/pecsibelyegkor.hu\/?p=600"},"modified":"2023-03-24T20:30:15","modified_gmt":"2023-03-24T19:30:15","slug":"meghivo-rendkivuli-taggyules","status":"publish","type":"post","link":"https:\/\/pecsibelyegkor.hu\/en\/meghivo-rendkivuli-taggyules\/","title":{"rendered":"MEGH\u00cdV\u00d3 &#8211; Rendk\u00edv\u00fcli Taggy\u0171l\u00e9s"},"content":{"rendered":"<div data-elementor-type=\"wp-post\" data-elementor-id=\"600\" class=\"elementor elementor-600\">\n\t\t\t\t\t\t<section class=\"elementor-section elementor-top-section elementor-element elementor-element-1b42d543 elementor-section-boxed elementor-section-height-default elementor-section-height-default\" data-id=\"1b42d543\" data-element_type=\"section\" data-e-type=\"section\">\n\t\t\t\t\t\t<div class=\"elementor-container elementor-column-gap-default\">\n\t\t\t\t\t<div class=\"elementor-column elementor-col-100 elementor-top-column elementor-element elementor-element-453bfa7a\" data-id=\"453bfa7a\" data-element_type=\"column\" data-e-type=\"column\">\n\t\t\t<div class=\"elementor-widget-wrap elementor-element-populated\">\n\t\t\t\t\t\t<div class=\"elementor-element elementor-element-70b7a5e9 elementor-widget elementor-widget-text-editor\" data-id=\"70b7a5e9\" data-element_type=\"widget\" data-e-type=\"widget\" data-widget_type=\"text-editor.default\">\n\t\t\t\t<div class=\"elementor-widget-container\">\n\t\t\t\t\t\t\t\t\t\n<p><span style=\"text-decoration: underline;\"><strong>M E G H \u00cd V \u00d3<\/strong><\/span><\/p>\n\n<p>A P\u00e9cs V\u00e1rosi B\u00e9lyeggy\u0171jt\u0151 K\u00f6r <strong><span style=\"color: #ff0000;\">rendk\u00edv\u00fcli Taggy\u0171l\u00e9s\u00e9t<\/span><\/strong> az al\u00e1bbi id\u0151pontra \u00e9s az al\u00e1bbi helyre \u00f6sszeh\u00edvom:<\/p>\n\n<p><strong><span style=\"text-decoration: underline;\">Id\u0151pont<\/span><\/strong>: 2017. janu\u00e1r 15. (vas\u00e1rnap) de. 9:00 \u00f3ra, hat\u00e1rozatk\u00e9ptelens\u00e9g eset\u00e9n 09:30 \u00f3ra.<br \/>(A megism\u00e9telt Taggy\u0171l\u00e9s l\u00e9tsz\u00e1mt\u00f3l f\u00fcggetlen\u00fcl a meghirdetett napirendi pontokban hat\u00e1rozatk\u00e9pes!)<\/p>\n\n<p><span style=\"text-decoration: underline;\"><strong>Helysz\u00edn<\/strong><\/span>: 7622 P\u00e9cs, Lask\u00f3 u. 12.<\/p>\n\n<p><span style=\"text-decoration: underline;\"><strong>N a p i r e n d<\/strong><\/span><\/p>\n\n<ol class=\"wp-block-list\">\n<li>Jegyz\u0151k\u00f6nyvvezet\u0151, jegyz\u0151k\u00f6nyv hiteles\u00edt\u0151k valamint a levezet\u0151 eln\u00f6k megv\u00e1laszt\u00e1sa.<\/li>\n\n<li>A P\u00e9cs V\u00e1rosi B\u00e9lyeggy\u0171jt\u0151 K\u00f6r m\u0171k\u00f6d\u00e9s\u00e9nek lehet\u0151s\u00e9gei.<\/li>\n\n<li>Egyebek.<\/li>\n<\/ol>\n\n<p>P\u00e9cs, 2016. december 11.<\/p>\n\n<p><strong>Mr. dr. Mih\u00e1ly Bodor<\/strong><br \/>a P\u00e9cs V\u00e1rosi B\u00e9lyeggy\u0171jt\u0151 K\u00f6r eln\u00f6ke<\/p>\n\t\t\t\t\t\t\t\t<\/div>\n\t\t\t\t<\/div>\n\t\t\t\t\t<\/div>\n\t\t<\/div>\n\t\t\t\t\t<\/div>\n\t\t<\/section>\n\t\t\t\t<\/div>","protected":false},"excerpt":{"rendered":"<p>M E G H \u00cd V \u00d3 A P\u00e9cs V\u00e1rosi B\u00e9lyeggy\u0171jt\u0151 K\u00f6r rendk\u00edv\u00fcli Taggy\u0171l\u00e9s\u00e9t az al\u00e1bbi id\u0151pontra \u00e9s az al\u00e1bbi helyre \u00f6sszeh\u00edvom: Id\u0151pont: 2017. janu\u00e1r 15. (vas\u00e1rnap) de. 9:00 \u00f3ra, hat\u00e1rozatk\u00e9ptelens\u00e9g eset\u00e9n 09:30 \u00f3ra.(A megism\u00e9telt Taggy\u0171l\u00e9s l\u00e9tsz\u00e1mt\u00f3l f\u00fcggetlen\u00fcl a meghirdetett napirendi pontokban hat\u00e1rozatk\u00e9pes!) Helysz\u00edn: 7622 P\u00e9cs, Lask\u00f3 u. 12. N a p i r e &hellip; <\/p>\n<p class=\"link-more\"><a href=\"https:\/\/pecsibelyegkor.hu\/en\/meghivo-rendkivuli-taggyules\/\" class=\"more-link\">Continue reading<span class=\"screen-reader-text\"> &#8222;MEGH\u00cdV\u00d3 &#8211; Rendk\u00edv\u00fcli Taggy\u0171l\u00e9s&#8221;<\/span><\/a><\/p>","protected":false},"author":2,"featured_media":0,"comment_status":"closed","ping_status":"closed","sticky":false,"template":"","format":"standard","meta":{"_seopress_robots_primary_cat":"none","_seopress_titles_title":"MEGH\u00cdV\u00d3 - Rendk\u00edv\u00fcli Taggy\u0171l\u00e9s","_seopress_titles_desc":"","_seopress_robots_index":"","footnotes":""},"categories":[6,10],"tags":[],"class_list":["post-600","post","type-post","status-publish","format-standard","hentry","category-esemeny","category-meghivo"],"_links":{"self":[{"href":"https:\/\/pecsibelyegkor.hu\/en\/wp-json\/wp\/v2\/posts\/600","targetHints":{"allow":["GET"]}}],"collection":[{"href":"https:\/\/pecsibelyegkor.hu\/en\/wp-json\/wp\/v2\/posts"}],"about":[{"href":"https:\/\/pecsibelyegkor.hu\/en\/wp-json\/wp\/v2\/types\/post"}],"author":[{"embeddable":true,"href":"https:\/\/pecsibelyegkor.hu\/en\/wp-json\/wp\/v2\/users\/2"}],"replies":[{"embeddable":true,"href":"https:\/\/pecsibelyegkor.hu\/en\/wp-json\/wp\/v2\/comments?post=600"}],"version-history":[{"count":4,"href":"https:\/\/pecsibelyegkor.hu\/en\/wp-json\/wp\/v2\/posts\/600\/revisions"}],"predecessor-version":[{"id":606,"href":"https:\/\/pecsibelyegkor.hu\/en\/wp-json\/wp\/v2\/posts\/600\/revisions\/606"}],"wp:attachment":[{"href":"https:\/\/pecsibelyegkor.hu\/en\/wp-json\/wp\/v2\/media?parent=600"}],"wp:term":[{"taxonomy":"category","embeddable":true,"href":"https:\/\/pecsibelyegkor.hu\/en\/wp-json\/wp\/v2\/categories?post=600"},{"taxonomy":"post_tag","embeddable":true,"href":"https:\/\/pecsibelyegkor.hu\/en\/wp-json\/wp\/v2\/tags?post=600"}],"curies":[{"name":"wp","href":"https:\/\/api.w.org\/{rel}","templated":true}]}}