{"id":629,"date":"2017-12-22T17:30:00","date_gmt":"2017-12-22T16:30:00","guid":{"rendered":"https:\/\/pecsibelyegkor.hu\/?p=629"},"modified":"2023-03-24T20:01:45","modified_gmt":"2023-03-24T19:01:45","slug":"boldog-karacsonyt","status":"publish","type":"post","link":"https:\/\/pecsibelyegkor.hu\/en\/boldog-karacsonyt\/","title":{"rendered":"Boldog Kar\u00e1csonyt!"},"content":{"rendered":"<div data-elementor-type=\"wp-post\" data-elementor-id=\"629\" class=\"elementor elementor-629\">\n\t\t\t\t\t\t<section class=\"elementor-section elementor-top-section elementor-element elementor-element-637a008c elementor-section-boxed elementor-section-height-default elementor-section-height-default\" data-id=\"637a008c\" data-element_type=\"section\" data-e-type=\"section\">\n\t\t\t\t\t\t<div class=\"elementor-container elementor-column-gap-default\">\n\t\t\t\t\t<div class=\"elementor-column elementor-col-100 elementor-top-column elementor-element elementor-element-5a4d1548\" data-id=\"5a4d1548\" data-element_type=\"column\" data-e-type=\"column\">\n\t\t\t<div class=\"elementor-widget-wrap elementor-element-populated\">\n\t\t\t\t\t\t<div class=\"elementor-element elementor-element-7c882bf0 elementor-widget elementor-widget-text-editor\" data-id=\"7c882bf0\" data-element_type=\"widget\" data-e-type=\"widget\" data-widget_type=\"text-editor.default\">\n\t\t\t\t<div class=\"elementor-widget-container\">\n\t\t\t\t\t\t\t\t\t\n<p>Tisztelt Gy\u0171jt\u0151t\u00e1rsak!<\/p>\n\n<p><strong><span style=\"color: #ff0000;\">B\u00e9k\u00e9s, boldog Kar\u00e1csonyt<\/span><\/strong> \u00e9s eredm\u00e9nyekben, eg\u00e9szs\u00e9gben gazdag \u00faj esztend\u0151t k\u00edv\u00e1n<\/p>\n\n<p>a P\u00e9cs V\u00e1rosi B\u00e9lyeggy\u0171jt\u0151 K\u00f6r<br \/>vezet\u0151s\u00e9ge<\/p>\n\t\t\t\t\t\t\t\t<\/div>\n\t\t\t\t<\/div>\n\t\t\t\t\t<\/div>\n\t\t<\/div>\n\t\t\t\t\t<\/div>\n\t\t<\/section>\n\t\t\t\t<section class=\"elementor-section elementor-top-section elementor-element elementor-element-04a6301 elementor-section-boxed elementor-section-height-default elementor-section-height-default\" data-id=\"04a6301\" data-element_type=\"section\" data-e-type=\"section\">\n\t\t\t\t\t\t<div class=\"elementor-container elementor-column-gap-default\">\n\t\t\t\t\t<div class=\"elementor-column elementor-col-100 elementor-top-column elementor-element elementor-element-f6b0eec\" data-id=\"f6b0eec\" data-element_type=\"column\" data-e-type=\"column\">\n\t\t\t<div class=\"elementor-widget-wrap elementor-element-populated\">\n\t\t\t\t\t\t<div class=\"elementor-element elementor-element-c520e83 elementor-widget elementor-widget-image\" data-id=\"c520e83\" data-element_type=\"widget\" data-e-type=\"widget\" data-widget_type=\"image.default\">\n\t\t\t\t<div class=\"elementor-widget-container\">\n\t\t\t\t\t\t\t\t\t\t\t\t\t\t\t\t<a href=\"https:\/\/pecsibelyegkor.hu\/wp-content\/uploads\/2017\/12\/Karacsony_2017.jpg\" data-elementor-open-lightbox=\"yes\" data-elementor-lightbox-title=\"Kar\u00e1csony 2017\" data-e-action-hash=\"#elementor-action%3Aaction%3Dlightbox%26settings%3DeyJpZCI6NjM2LCJ1cmwiOiJodHRwczpcL1wvcGVjc2liZWx5ZWdrb3IuaHVcL3dwLWNvbnRlbnRcL3VwbG9hZHNcLzIwMTdcLzEyXC9LYXJhY3NvbnlfMjAxNy5qcGcifQ%3D%3D\">\n\t\t\t\t\t\t\t<img fetchpriority=\"high\" decoding=\"async\" width=\"525\" height=\"295\" src=\"https:\/\/pecsibelyegkor.hu\/wp-content\/uploads\/2017\/12\/Karacsony_2017.jpg\" class=\"attachment-large size-large wp-image-636\" alt=\"Kar\u00e1csony 2017\" srcset=\"https:\/\/pecsibelyegkor.hu\/wp-content\/uploads\/2017\/12\/Karacsony_2017.jpg 660w, https:\/\/pecsibelyegkor.hu\/wp-content\/uploads\/2017\/12\/Karacsony_2017-300x169.jpg 300w, https:\/\/pecsibelyegkor.hu\/wp-content\/uploads\/2017\/12\/Karacsony_2017-18x10.jpg 18w\" sizes=\"(max-width: 767px) 89vw, (max-width: 1000px) 54vw, (max-width: 1071px) 543px, 580px\" \/>\t\t\t\t\t\t\t\t<\/a>\n\t\t\t\t\t\t\t\t\t\t\t\t\t\t\t<\/div>\n\t\t\t\t<\/div>\n\t\t\t\t\t<\/div>\n\t\t<\/div>\n\t\t\t\t\t<\/div>\n\t\t<\/section>\n\t\t\t\t<\/div>","protected":false},"excerpt":{"rendered":"<p>Tisztelt Gy\u0171jt\u0151t\u00e1rsak! B\u00e9k\u00e9s, boldog Kar\u00e1csonyt \u00e9s eredm\u00e9nyekben, eg\u00e9szs\u00e9gben gazdag \u00faj esztend\u0151t k\u00edv\u00e1n a P\u00e9cs V\u00e1rosi B\u00e9lyeggy\u0171jt\u0151 K\u00f6rvezet\u0151s\u00e9ge<\/p>","protected":false},"author":2,"featured_media":0,"comment_status":"closed","ping_status":"closed","sticky":false,"template":"","format":"standard","meta":{"_seopress_robots_primary_cat":"none","_seopress_titles_title":"Boldog Kar\u00e1csonyt!","_seopress_titles_desc":"","_seopress_robots_index":"","footnotes":""},"categories":[6],"tags":[],"class_list":["post-629","post","type-post","status-publish","format-standard","hentry","category-esemeny"],"_links":{"self":[{"href":"https:\/\/pecsibelyegkor.hu\/en\/wp-json\/wp\/v2\/posts\/629","targetHints":{"allow":["GET"]}}],"collection":[{"href":"https:\/\/pecsibelyegkor.hu\/en\/wp-json\/wp\/v2\/posts"}],"about":[{"href":"https:\/\/pecsibelyegkor.hu\/en\/wp-json\/wp\/v2\/types\/post"}],"author":[{"embeddable":true,"href":"https:\/\/pecsibelyegkor.hu\/en\/wp-json\/wp\/v2\/users\/2"}],"replies":[{"embeddable":true,"href":"https:\/\/pecsibelyegkor.hu\/en\/wp-json\/wp\/v2\/comments?post=629"}],"version-history":[{"count":13,"href":"https:\/\/pecsibelyegkor.hu\/en\/wp-json\/wp\/v2\/posts\/629\/revisions"}],"predecessor-version":[{"id":651,"href":"https:\/\/pecsibelyegkor.hu\/en\/wp-json\/wp\/v2\/posts\/629\/revisions\/651"}],"wp:attachment":[{"href":"https:\/\/pecsibelyegkor.hu\/en\/wp-json\/wp\/v2\/media?parent=629"}],"wp:term":[{"taxonomy":"category","embeddable":true,"href":"https:\/\/pecsibelyegkor.hu\/en\/wp-json\/wp\/v2\/categories?post=629"},{"taxonomy":"post_tag","embeddable":true,"href":"https:\/\/pecsibelyegkor.hu\/en\/wp-json\/wp\/v2\/tags?post=629"}],"curies":[{"name":"wp","href":"https:\/\/api.w.org\/{rel}","templated":true}]}}