{"id":928,"date":"2020-06-20T14:44:00","date_gmt":"2020-06-20T12:44:00","guid":{"rendered":"https:\/\/pecsibelyegkor.hu\/?p=928"},"modified":"2023-03-24T23:00:37","modified_gmt":"2023-03-24T22:00:37","slug":"kozlemeny-kori-osszejovetelek-2020-06-28-tol","status":"publish","type":"post","link":"https:\/\/pecsibelyegkor.hu\/en\/kozlemeny-kori-osszejovetelek-2020-06-28-tol\/","title":{"rendered":"K\u00d6ZLEM\u00c9NY &#8211; k\u00f6ri \u00f6sszej\u00f6vetelek 2020.06.28-t\u00f3l"},"content":{"rendered":"<div data-elementor-type=\"wp-post\" data-elementor-id=\"928\" class=\"elementor elementor-928\">\n\t\t\t\t\t\t<section class=\"elementor-section elementor-top-section elementor-element elementor-element-608b9987 elementor-section-boxed elementor-section-height-default elementor-section-height-default\" data-id=\"608b9987\" data-element_type=\"section\" data-e-type=\"section\">\n\t\t\t\t\t\t<div class=\"elementor-container elementor-column-gap-default\">\n\t\t\t\t\t<div class=\"elementor-column elementor-col-100 elementor-top-column elementor-element elementor-element-26b91809\" data-id=\"26b91809\" data-element_type=\"column\" data-e-type=\"column\">\n\t\t\t<div class=\"elementor-widget-wrap elementor-element-populated\">\n\t\t\t\t\t\t<div class=\"elementor-element elementor-element-74df95e8 elementor-widget elementor-widget-text-editor\" data-id=\"74df95e8\" data-element_type=\"widget\" data-e-type=\"widget\" data-widget_type=\"text-editor.default\">\n\t\t\t\t<div class=\"elementor-widget-container\">\n\t\t\t\t\t\t\t\t\t<p><\/p>\n<p>Tisztelt Gy\u0171jt\u0151t\u00e1rsak!<\/p>\n<p><\/p>\n<p>A vesz\u00e9lyhelyzet megsz\u0171n\u00e9s\u00e9vel \u00f6sszef\u00fcgg\u0151 \u00e1tmeneti szab\u00e1lyokr\u00f3l \u00e9s a j\u00e1rv\u00e1ny\u00fcgyi k\u00e9sz\u00fclts\u00e9gr\u0151l sz\u00f3l\u00f3 <a href=\"https:\/\/njt.hu\/jogszabaly\/2020-58-00-00.2\" target=\"_blank\" rel=\"noopener\"><strong><span style=\"color: #0000ff;\">2020. \u00e9vi LVIII. t\u00f6rv\u00e9ny<\/span><\/strong><\/a> rendelkez\u00e9sei alapj\u00e1n:<\/p>\n<p><\/p>\n<ul class=\"wp-block-list\">\n<li style=\"list-style-type: none;\">\n<ul><\/ul>\n<\/li>\n<\/ul>\n<ul>\n<li style=\"list-style-type: none;\">\n<ul>\n<li>a MaB\u00e9OSz 419. sz\u00e1m\u00fa <strong>P\u00e9cs V\u00e1rosi B\u00e9lyeggy\u0171jt\u0151 K\u00f6r<\/strong>\u00e9nek, valamint<\/li>\n<\/ul>\n<\/li>\n<\/ul>\n<p><\/p>\n<ul>\n<li style=\"list-style-type: none;\">\n<ul>\n<li>a MaB\u00e9OSz 3290. sz\u00e1m\u00fa <strong>B\u00f3ly V\u00e1rosi B\u00e9lyeggy\u0171jt\u0151 K\u00f6r<\/strong>\u00e9nek<\/li>\n<\/ul>\n<\/li>\n<\/ul>\n<p><\/p>\n<p><\/p>\n<p>a <strong>heti \u00f6sszej\u00f6vetelek megtart\u00e1s\u00e1t <span style=\"text-decoration: underline; color: #ff0000;\">a t\u00f6rv\u00e9nyben el\u0151\u00edrt eg\u00e9szs\u00e9g\u00fcgyi szab\u00e1lyok betart\u00e1s\u00e1val<\/span> 2020. j\u00fanius 28. napj\u00e1t\u00f3l enged\u00e9lyezem<\/strong>.<\/p>\n<p><\/p>\n<p>P\u00e9cs, 2020. j\u00fanius 20.<\/p>\n<p><\/p>\n<p><strong>Mr. dr. Mih\u00e1ly Bodor<\/strong><\/p>\n<p><\/p>\n<p>a MAB\u00c9OSZ Baranya Megyei Eln\u00f6ke<\/p>\n<p><\/p>\t\t\t\t\t\t\t\t<\/div>\n\t\t\t\t<\/div>\n\t\t\t\t\t<\/div>\n\t\t<\/div>\n\t\t\t\t\t<\/div>\n\t\t<\/section>\n\t\t\t\t<\/div>","protected":false},"excerpt":{"rendered":"<p>Tisztelt Gy\u0171jt\u0151t\u00e1rsak! A vesz\u00e9lyhelyzet megsz\u0171n\u00e9s\u00e9vel \u00f6sszef\u00fcgg\u0151 \u00e1tmeneti szab\u00e1lyokr\u00f3l \u00e9s a j\u00e1rv\u00e1ny\u00fcgyi k\u00e9sz\u00fclts\u00e9gr\u0151l sz\u00f3l\u00f3 2020. \u00e9vi LVIII. t\u00f6rv\u00e9ny rendelkez\u00e9sei alapj\u00e1n: a heti \u00f6sszej\u00f6vetelek megtart\u00e1s\u00e1t a t\u00f6rv\u00e9nyben el\u0151\u00edrt eg\u00e9szs\u00e9g\u00fcgyi szab\u00e1lyok betart\u00e1s\u00e1val 2020. j\u00fanius 28. napj\u00e1t\u00f3l enged\u00e9lyezem. P\u00e9cs, 2020. j\u00fanius 20. dr. Bodor Mih\u00e1ly a MAB\u00c9OSZ Baranya Megyei Eln\u00f6ke<\/p>","protected":false},"author":2,"featured_media":0,"comment_status":"closed","ping_status":"closed","sticky":false,"template":"","format":"standard","meta":{"_seopress_robots_primary_cat":"none","_seopress_titles_title":"K\u00d6ZLEM\u00c9NY - k\u00f6ri \u00f6sszej\u00f6vetelek 2020.06.28-t\u00f3l","_seopress_titles_desc":"","_seopress_robots_index":"","footnotes":""},"categories":[7,9],"tags":[],"class_list":["post-928","post","type-post","status-publish","format-standard","hentry","category-felhivas","category-mabeosz"],"_links":{"self":[{"href":"https:\/\/pecsibelyegkor.hu\/en\/wp-json\/wp\/v2\/posts\/928","targetHints":{"allow":["GET"]}}],"collection":[{"href":"https:\/\/pecsibelyegkor.hu\/en\/wp-json\/wp\/v2\/posts"}],"about":[{"href":"https:\/\/pecsibelyegkor.hu\/en\/wp-json\/wp\/v2\/types\/post"}],"author":[{"embeddable":true,"href":"https:\/\/pecsibelyegkor.hu\/en\/wp-json\/wp\/v2\/users\/2"}],"replies":[{"embeddable":true,"href":"https:\/\/pecsibelyegkor.hu\/en\/wp-json\/wp\/v2\/comments?post=928"}],"version-history":[{"count":7,"href":"https:\/\/pecsibelyegkor.hu\/en\/wp-json\/wp\/v2\/posts\/928\/revisions"}],"predecessor-version":[{"id":937,"href":"https:\/\/pecsibelyegkor.hu\/en\/wp-json\/wp\/v2\/posts\/928\/revisions\/937"}],"wp:attachment":[{"href":"https:\/\/pecsibelyegkor.hu\/en\/wp-json\/wp\/v2\/media?parent=928"}],"wp:term":[{"taxonomy":"category","embeddable":true,"href":"https:\/\/pecsibelyegkor.hu\/en\/wp-json\/wp\/v2\/categories?post=928"},{"taxonomy":"post_tag","embeddable":true,"href":"https:\/\/pecsibelyegkor.hu\/en\/wp-json\/wp\/v2\/tags?post=928"}],"curies":[{"name":"wp","href":"https:\/\/api.w.org\/{rel}","templated":true}]}}