{"id":938,"date":"2020-07-20T09:09:00","date_gmt":"2020-07-20T07:09:00","guid":{"rendered":"https:\/\/pecsibelyegkor.hu\/?p=938"},"modified":"2023-03-24T23:05:33","modified_gmt":"2023-03-24T22:05:33","slug":"meghivo-2019-es-zarszamado-taggyulesre","status":"publish","type":"post","link":"https:\/\/pecsibelyegkor.hu\/en\/meghivo-2019-es-zarszamado-taggyulesre\/","title":{"rendered":"MEGH\u00cdV\u00d3 &#8211; 2019-es z\u00e1rsz\u00e1mad\u00f3 taggy\u0171l\u00e9sre"},"content":{"rendered":"<div data-elementor-type=\"wp-post\" data-elementor-id=\"938\" class=\"elementor elementor-938\">\n\t\t\t\t\t\t<section class=\"elementor-section elementor-top-section elementor-element elementor-element-63d1ad33 elementor-section-boxed elementor-section-height-default elementor-section-height-default\" data-id=\"63d1ad33\" data-element_type=\"section\" data-e-type=\"section\">\n\t\t\t\t\t\t<div class=\"elementor-container elementor-column-gap-default\">\n\t\t\t\t\t<div class=\"elementor-column elementor-col-100 elementor-top-column elementor-element elementor-element-1b5131a8\" data-id=\"1b5131a8\" data-element_type=\"column\" data-e-type=\"column\">\n\t\t\t<div class=\"elementor-widget-wrap elementor-element-populated\">\n\t\t\t\t\t\t<div class=\"elementor-element elementor-element-45288225 elementor-widget elementor-widget-text-editor\" data-id=\"45288225\" data-element_type=\"widget\" data-e-type=\"widget\" data-widget_type=\"text-editor.default\">\n\t\t\t\t<div class=\"elementor-widget-container\">\n\t\t\t\t\t\t\t\t\t\n<p><span style=\"text-decoration: underline;\"><strong>M E G H \u00cd V \u00d3<\/strong><\/span><\/p>\n\n<p>A P\u00e9cs V\u00e1rosi B\u00e9lyeggy\u0171jt\u0151 K\u00f6r <strong>2019. \u00e9vi z\u00e1rsz\u00e1mad\u00f3 Taggy\u0171l\u00e9s\u00e9t<\/strong> az al\u00e1bbi id\u0151pontra \u00e9s helyre \u00f6sszeh\u00edvom:<\/p>\n\n<p><span style=\"text-decoration: underline;\"><strong>Id\u0151pont<\/strong><\/span>: 2020. j\u00falius 26. (vas\u00e1rnap) de. 9:00 \u00f3ra, hat\u00e1rozatk\u00e9ptelens\u00e9g eset\u00e9n 09:30 \u00f3ra.<br \/>(<em>A megism\u00e9telt Taggy\u0171l\u00e9s l\u00e9tsz\u00e1mt\u00f3l f\u00fcggetlen\u00fcl a meghirdetett napirendi pontokban hat\u00e1rozatk\u00e9pes!<\/em>)<\/p>\n\n<p><span style=\"text-decoration: underline;\"><strong>Helysz\u00edn<\/strong><\/span>: 7622 P\u00e9cs, Lask\u00f3 u. 12.<\/p>\n\n<p><strong><span style=\"text-decoration: underline;\">N a p i r e n d<\/span><\/strong><\/p>\n\n<ol class=\"wp-block-list\">\n<li>Jegyz\u0151k\u00f6nyvvezet\u0151, jegyz\u0151k\u00f6nyv hiteles\u00edt\u0151k valamint a levezet\u0151 eln\u00f6k megv\u00e1laszt\u00e1sa.<\/li>\n\n<li>A P\u00e9cs V\u00e1rosi B\u00e9lyeggy\u0171jt\u0151 K\u00f6r 2019. \u00e9vi gazdas\u00e1gi tev\u00e9kenys\u00e9ge. <em>El\u0151ad\u00f3: Dr. Bodor Mih\u00e1ly<\/em><\/li>\n<li>2020. \u00e9vi k\u00f6lts\u00e9gvet\u00e9si tervezete <em>El\u0151ad\u00f3: Dr. Bodor Mih\u00e1ly<\/em><\/li>\n\n<li>Hozz\u00e1sz\u00f3l\u00e1sok, javaslatok.<\/li>\n\n<li>A P\u00e9cs V\u00e1rosi B\u00e9lyeggy\u0171jt\u0151 K\u00f6r 100 \u00e9ves jubileumra elnyert p\u00e1ly\u00e1zata \u00e9s annak teljes\u00edt\u00e9se. <em>El\u0151ad\u00f3: Ih\u00e1rosi S\u00e1ndor<\/em><\/li>\n\n<li>P\u00e9cs V\u00e1rosi B\u00e9lyeggy\u0171jt\u0151 K\u00f6r 2020-2021. \u00e9vi munkaterve: a., b., c. el\u0151ad\u00f3: <em>Mr. S\u00e1ndor Ih\u00e1rosi<\/em>, d. el\u0151ad\u00f3: <em>Mr. Gyula Haraszti<\/em>, e. el\u0151ad\u00f3: <em>Mr. Zolt\u00e1n Szab\u00f3<\/em>\n<ul class=\"wp-block-list\">\n<li>a. a P\u00e9cs V\u00e1rosi B\u00e9lyeggy\u0171jt\u0151 K\u00f6r nev\u00e9nek megv\u00e1ltoztat\u00e1sa,<\/li>\n\n<li>b. a P\u00e9csi \u00c9rmegy\u0171jt\u0151k K\u00f6r \u00e9s a P\u00e9cs V\u00e1rosi B\u00e9lyeggy\u0171jt\u0151 K\u00f6r k\u00f6z\u00f6s p\u00e1ly\u00e1zata,<\/li>\n\n<li>c. lobby a Gy\u0171jt\u0151k H\u00e1z\u00e1\u00e9rt,<\/li>\n\n<li>d. sz\u00e1m\u00edt\u00f3g\u00e9p \u00e9s filat\u00e9lia,<\/li>\n\n<li>e. a P\u00e9cs V\u00e1rosi B\u00e9lyeggy\u0171jt\u0151 K\u00f6r II. \u00e1rver\u00e9s\u00e9nek megszervez\u00e9se.<\/li>\n<\/ul>\n<\/li>\n\n<li>Kit\u00fcntet\u00e9si javaslatok. <em>El\u0151ad\u00f3: Tancsa J\u00f3zsef, Dr. Bodor Mih\u00e1ly<\/em><\/li>\n\n<li>Hat\u00e1rozathozatal.<\/li>\n\n<li>Egyebek.<\/li>\n<\/ol>\n\n<p>P\u00e9cs, 2020. j\u00falius 20.<\/p>\n\n<p><strong>Mr. dr. Mih\u00e1ly Bodor<\/strong><br \/>a P\u00e9cs V\u00e1rosi B\u00e9lyeggy\u0171jt\u0151 K\u00f6r eln\u00f6ke<\/p>\n\t\t\t\t\t\t\t\t<\/div>\n\t\t\t\t<\/div>\n\t\t\t\t\t<\/div>\n\t\t<\/div>\n\t\t\t\t\t<\/div>\n\t\t<\/section>\n\t\t\t\t<\/div>","protected":false},"excerpt":{"rendered":"<p>M E G H \u00cd V \u00d3 A P\u00e9cs V\u00e1rosi B\u00e9lyeggy\u0171jt\u0151 K\u00f6r 2019. \u00e9vi z\u00e1rsz\u00e1mad\u00f3 Taggy\u0171l\u00e9s\u00e9t az al\u00e1bbi id\u0151pontra \u00e9s helyre \u00f6sszeh\u00edvom: Id\u0151pont: 2020. j\u00falius 26. (vas\u00e1rnap) de. 9:00 \u00f3ra, hat\u00e1rozatk\u00e9ptelens\u00e9g eset\u00e9n 09:30 \u00f3ra.(A megism\u00e9telt Taggy\u0171l\u00e9s l\u00e9tsz\u00e1mt\u00f3l f\u00fcggetlen\u00fcl a meghirdetett napirendi pontokban hat\u00e1rozatk\u00e9pes!) Helysz\u00edn: 7622 P\u00e9cs, Lask\u00f3 u. 12. N a p i r e &hellip; <\/p>\n<p class=\"link-more\"><a href=\"https:\/\/pecsibelyegkor.hu\/en\/meghivo-2019-es-zarszamado-taggyulesre\/\" class=\"more-link\">Continue reading<span class=\"screen-reader-text\"> &#8222;MEGH\u00cdV\u00d3 &#8211; 2019-es z\u00e1rsz\u00e1mad\u00f3 taggy\u0171l\u00e9sre&#8221;<\/span><\/a><\/p>","protected":false},"author":2,"featured_media":0,"comment_status":"closed","ping_status":"closed","sticky":false,"template":"","format":"standard","meta":{"_seopress_robots_primary_cat":"none","_seopress_titles_title":"MEGH\u00cdV\u00d3 - 2019-es z\u00e1rsz\u00e1mad\u00f3 taggy\u0171l\u00e9sre","_seopress_titles_desc":"","_seopress_robots_index":"","footnotes":""},"categories":[6,10],"tags":[],"class_list":["post-938","post","type-post","status-publish","format-standard","hentry","category-esemeny","category-meghivo"],"_links":{"self":[{"href":"https:\/\/pecsibelyegkor.hu\/en\/wp-json\/wp\/v2\/posts\/938","targetHints":{"allow":["GET"]}}],"collection":[{"href":"https:\/\/pecsibelyegkor.hu\/en\/wp-json\/wp\/v2\/posts"}],"about":[{"href":"https:\/\/pecsibelyegkor.hu\/en\/wp-json\/wp\/v2\/types\/post"}],"author":[{"embeddable":true,"href":"https:\/\/pecsibelyegkor.hu\/en\/wp-json\/wp\/v2\/users\/2"}],"replies":[{"embeddable":true,"href":"https:\/\/pecsibelyegkor.hu\/en\/wp-json\/wp\/v2\/comments?post=938"}],"version-history":[{"count":4,"href":"https:\/\/pecsibelyegkor.hu\/en\/wp-json\/wp\/v2\/posts\/938\/revisions"}],"predecessor-version":[{"id":944,"href":"https:\/\/pecsibelyegkor.hu\/en\/wp-json\/wp\/v2\/posts\/938\/revisions\/944"}],"wp:attachment":[{"href":"https:\/\/pecsibelyegkor.hu\/en\/wp-json\/wp\/v2\/media?parent=938"}],"wp:term":[{"taxonomy":"category","embeddable":true,"href":"https:\/\/pecsibelyegkor.hu\/en\/wp-json\/wp\/v2\/categories?post=938"},{"taxonomy":"post_tag","embeddable":true,"href":"https:\/\/pecsibelyegkor.hu\/en\/wp-json\/wp\/v2\/tags?post=938"}],"curies":[{"name":"wp","href":"https:\/\/api.w.org\/{rel}","templated":true}]}}