{"id":945,"date":"2020-07-20T14:44:00","date_gmt":"2020-07-20T12:44:00","guid":{"rendered":"https:\/\/pecsibelyegkor.hu\/?p=945"},"modified":"2023-03-24T23:11:38","modified_gmt":"2023-03-24T22:11:38","slug":"gyaszhir-elhunyt-farkas-zoltan-gyujtotarsunk","status":"publish","type":"post","link":"https:\/\/pecsibelyegkor.hu\/en\/gyaszhir-elhunyt-farkas-zoltan-gyujtotarsunk\/","title":{"rendered":"GY\u00c1SZH\u00cdR &#8211; Elhunyt FARKAS ZOLT\u00c1N gy\u0171jt\u0151t\u00e1rsunk"},"content":{"rendered":"<div data-elementor-type=\"wp-post\" data-elementor-id=\"945\" class=\"elementor elementor-945\">\n\t\t\t\t\t\t<section class=\"elementor-section elementor-top-section elementor-element elementor-element-70737b01 elementor-section-boxed elementor-section-height-default elementor-section-height-default\" data-id=\"70737b01\" data-element_type=\"section\" data-e-type=\"section\">\n\t\t\t\t\t\t<div class=\"elementor-container elementor-column-gap-default\">\n\t\t\t\t\t<div class=\"elementor-column elementor-col-100 elementor-top-column elementor-element elementor-element-69e30bb1\" data-id=\"69e30bb1\" data-element_type=\"column\" data-e-type=\"column\">\n\t\t\t<div class=\"elementor-widget-wrap elementor-element-populated\">\n\t\t\t\t\t\t<div class=\"elementor-element elementor-element-43386e59 elementor-widget elementor-widget-text-editor\" data-id=\"43386e59\" data-element_type=\"widget\" data-e-type=\"widget\" data-widget_type=\"text-editor.default\">\n\t\t\t\t<div class=\"elementor-widget-container\">\n\t\t\t\t\t\t\t\t\t\n<p>A MAB\u00c9OSZ P\u00e9cs V\u00e1rosi B\u00e9lyeggy\u0171jt\u0151 K\u00f6r f\u00e1jdalommal tudatja, hogy <strong>Farkas Zolt\u00e1n<\/strong>, k\u00f6r\u00fcnk egykori tagja \u00e9s eln\u00f6ke, <strong>78 \u00e9ves kor\u00e1ban elhunyt<\/strong>.<br \/>1971-t\u0151l volt a MAB\u00c9OSZ appar\u00e1tus\u00e1nak tagja, 1977-2006-ig a D\u00e9l-dun\u00e1nt\u00fali Iroda vezet\u0151je, 1977-2009-ig a P\u00e9cs V\u00e1rosi B\u00e9lyeggy\u0171jt\u0151 k\u00f6r tagja, 1995-2009 k\u00f6z\u00f6tt a Baranya Megye k\u00fcld\u00f6ttgy\u0171l\u00e9s\u00e9nek eln\u00f6ke, 1994-2009 k\u00f6z\u00f6tt a P\u00e9cs V\u00e1rosi B\u00e9lyeggy\u0171jt\u0151 K\u00f6r eln\u00f6ke.<\/p>\n\n<p>MAB\u00c9OSZ <span style=\"text-decoration: underline;\"><strong>kit\u00fcntet\u00e9sei<\/strong><\/span>:<\/p>\n\n<ul class=\"wp-block-list\">\n<li>Kit\u00fcntet\u0151 oklev\u00e9l (2006)<\/li>\n\n<li>Arany jelv\u00e9ny (1997)<\/li>\n\n<li>Ez\u00fcst jelv\u00e9ny (1988)<\/li>\n\n<li>Kiv\u00e1l\u00f3 dolgoz\u00f3 (1983)<\/li>\n\n<li>Bronz jelv\u00e9ny (1979)<\/li>\n<\/ul>\n\n<p>Sikeres ki\u00e1ll\u00edt\u00f3 volt, aki jelent\u0151s filatelista \u00e9s numizmatikai ismeretekkel rendelkezett.<\/p>\n\n<p><em>Eml\u00e9k\u00e9t a p\u00e9csi b\u00e9lyeggy\u0171jt\u0151k \u00f6r\u00f6kk\u00e9 meg\u0151rzik!<\/em><\/p>\n\t\t\t\t\t\t\t\t<\/div>\n\t\t\t\t<\/div>\n\t\t\t\t\t<\/div>\n\t\t<\/div>\n\t\t\t\t\t<\/div>\n\t\t<\/section>\n\t\t\t\t<section class=\"elementor-section elementor-top-section elementor-element elementor-element-7856dc2 elementor-section-boxed elementor-section-height-default elementor-section-height-default\" data-id=\"7856dc2\" data-element_type=\"section\" data-e-type=\"section\">\n\t\t\t\t\t\t<div class=\"elementor-container elementor-column-gap-default\">\n\t\t\t\t\t<div class=\"elementor-column elementor-col-100 elementor-top-column elementor-element elementor-element-fb6090b\" data-id=\"fb6090b\" data-element_type=\"column\" data-e-type=\"column\">\n\t\t\t<div class=\"elementor-widget-wrap elementor-element-populated\">\n\t\t\t\t\t\t<div class=\"elementor-element elementor-element-ad76e0d elementor-widget elementor-widget-image\" data-id=\"ad76e0d\" data-element_type=\"widget\" data-e-type=\"widget\" data-widget_type=\"image.default\">\n\t\t\t\t<div class=\"elementor-widget-container\">\n\t\t\t\t\t\t\t\t\t\t\t\t\t\t\t\t<a href=\"https:\/\/pecsibelyegkor.hu\/wp-content\/uploads\/2020\/07\/Farkas_Zoltan.jpg\" data-elementor-open-lightbox=\"yes\" data-elementor-lightbox-title=\"Farkas Zolt\u00e1n\" data-e-action-hash=\"#elementor-action%3Aaction%3Dlightbox%26settings%3DeyJpZCI6OTUyLCJ1cmwiOiJodHRwczpcL1wvcGVjc2liZWx5ZWdrb3IuaHVcL3dwLWNvbnRlbnRcL3VwbG9hZHNcLzIwMjBcLzA3XC9GYXJrYXNfWm9sdGFuLmpwZyJ9\">\n\t\t\t\t\t\t\t<img decoding=\"async\" width=\"174\" height=\"222\" src=\"https:\/\/pecsibelyegkor.hu\/wp-content\/uploads\/2020\/07\/Farkas_Zoltan.jpg\" class=\"attachment-medium_large size-medium_large wp-image-952\" alt=\"Farkas Zolt\u00e1n\" srcset=\"https:\/\/pecsibelyegkor.hu\/wp-content\/uploads\/2020\/07\/Farkas_Zoltan.jpg 174w, https:\/\/pecsibelyegkor.hu\/wp-content\/uploads\/2020\/07\/Farkas_Zoltan-9x12.jpg 9w\" sizes=\"(max-width: 767px) 89vw, (max-width: 1000px) 54vw, (max-width: 1071px) 543px, 580px\" \/>\t\t\t\t\t\t\t\t<\/a>\n\t\t\t\t\t\t\t\t\t\t\t\t\t\t\t<\/div>\n\t\t\t\t<\/div>\n\t\t\t\t\t<\/div>\n\t\t<\/div>\n\t\t\t\t\t<\/div>\n\t\t<\/section>\n\t\t\t\t<\/div>","protected":false},"excerpt":{"rendered":"<p>A MAB\u00c9OSZ P\u00e9cs V\u00e1rosi B\u00e9lyeggy\u0171jt\u0151 K\u00f6r f\u00e1jdalommal tudatja, hogy Farkas Zolt\u00e1n, k\u00f6r\u00fcnk egykori tagja \u00e9s eln\u00f6ke, 78 \u00e9ves kor\u00e1ban elhunyt.1971-t\u0151l volt a MAB\u00c9OSZ appar\u00e1tus\u00e1nak tagja, 1977-2006-ig a D\u00e9l-dun\u00e1nt\u00fali Iroda vezet\u0151je, 1977-2009-ig a P\u00e9cs V\u00e1rosi B\u00e9lyeggy\u0171jt\u0151 k\u00f6r tagja, 1995-2009 k\u00f6z\u00f6tt a Baranya Megye k\u00fcld\u00f6ttgy\u0171l\u00e9s\u00e9nek eln\u00f6ke, 1994-2009 k\u00f6z\u00f6tt a P\u00e9cs V\u00e1rosi B\u00e9lyeggy\u0171jt\u0151 K\u00f6r eln\u00f6ke. MAB\u00c9OSZ kit\u00fcntet\u00e9sei: Sikeres &hellip; <\/p>\n<p class=\"link-more\"><a href=\"https:\/\/pecsibelyegkor.hu\/en\/gyaszhir-elhunyt-farkas-zoltan-gyujtotarsunk\/\" class=\"more-link\">Continue reading<span class=\"screen-reader-text\"> &#8222;GY\u00c1SZH\u00cdR &#8211; Elhunyt FARKAS ZOLT\u00c1N gy\u0171jt\u0151t\u00e1rsunk&#8221;<\/span><\/a><\/p>","protected":false},"author":2,"featured_media":0,"comment_status":"closed","ping_status":"closed","sticky":false,"template":"","format":"standard","meta":{"_seopress_robots_primary_cat":"none","_seopress_titles_title":"GY\u00c1SZH\u00cdR - Elhunyt FARKAS ZOLT\u00c1N gy\u0171jt\u0151t\u00e1rsunk","_seopress_titles_desc":"","_seopress_robots_index":"","footnotes":""},"categories":[8],"tags":[],"class_list":["post-945","post","type-post","status-publish","format-standard","hentry","category-gyaszhir"],"_links":{"self":[{"href":"https:\/\/pecsibelyegkor.hu\/en\/wp-json\/wp\/v2\/posts\/945","targetHints":{"allow":["GET"]}}],"collection":[{"href":"https:\/\/pecsibelyegkor.hu\/en\/wp-json\/wp\/v2\/posts"}],"about":[{"href":"https:\/\/pecsibelyegkor.hu\/en\/wp-json\/wp\/v2\/types\/post"}],"author":[{"embeddable":true,"href":"https:\/\/pecsibelyegkor.hu\/en\/wp-json\/wp\/v2\/users\/2"}],"replies":[{"embeddable":true,"href":"https:\/\/pecsibelyegkor.hu\/en\/wp-json\/wp\/v2\/comments?post=945"}],"version-history":[{"count":7,"href":"https:\/\/pecsibelyegkor.hu\/en\/wp-json\/wp\/v2\/posts\/945\/revisions"}],"predecessor-version":[{"id":955,"href":"https:\/\/pecsibelyegkor.hu\/en\/wp-json\/wp\/v2\/posts\/945\/revisions\/955"}],"wp:attachment":[{"href":"https:\/\/pecsibelyegkor.hu\/en\/wp-json\/wp\/v2\/media?parent=945"}],"wp:term":[{"taxonomy":"category","embeddable":true,"href":"https:\/\/pecsibelyegkor.hu\/en\/wp-json\/wp\/v2\/categories?post=945"},{"taxonomy":"post_tag","embeddable":true,"href":"https:\/\/pecsibelyegkor.hu\/en\/wp-json\/wp\/v2\/tags?post=945"}],"curies":[{"name":"wp","href":"https:\/\/api.w.org\/{rel}","templated":true}]}}